{"id":69,"date":"2020-08-25T23:21:00","date_gmt":"2020-08-25T23:21:00","guid":{"rendered":"https:\/\/fundacionmariasilviaandrade.net\/es\/?p=69"},"modified":"2021-04-17T16:02:30","modified_gmt":"2021-04-17T16:02:30","slug":"celebracion-dia-del-adulto-mayor","status":"publish","type":"post","link":"https:\/\/fundacionmariasilviaandrade.net\/es\/celebracion-dia-del-adulto-mayor\/","title":{"rendered":"Celebraci\u00f3n d\u00eda del adulto mayor"},"content":{"rendered":"\n<p class=\"has-drop-cap\">La Fundaci\u00f3n Mar\u00eda Silvia Andrade, en el d\u00eda del adulto mayor, crea espacios de diversi\u00f3n y esparcimiento para que los abuelos se sientan cada vez m\u00e1s, parte de la sociedad a la que tanto han servido. \u00a1Felicitaciones!<\/p>\n\n\n\n<figure class=\"wp-block-gallery columns-3 is-cropped wp-block-gallery-1 is-layout-flex wp-block-gallery-is-layout-flex\"><ul class=\"blocks-gallery-grid\"><li class=\"blocks-gallery-item\"><figure><img loading=\"lazy\" decoding=\"async\" width=\"1024\" height=\"768\" src=\"https:\/\/fundacionmariasilviaandrade.net\/es\/wp-content\/uploads\/2021\/01\/20-2-1024x768.jpeg\" alt=\"\" data-id=\"70\" data-link=\"https:\/\/fundacionmariasilviaandrade.net\/es\/?attachment_id=70\" class=\"wp-image-70\" srcset=\"https:\/\/fundacionmariasilviaandrade.net\/es\/wp-content\/uploads\/2021\/01\/20-2-1024x768.jpeg 1024w, https:\/\/fundacionmariasilviaandrade.net\/es\/wp-content\/uploads\/2021\/01\/20-2-300x225.jpeg 300w, https:\/\/fundacionmariasilviaandrade.net\/es\/wp-content\/uploads\/2021\/01\/20-2-768x576.jpeg 768w, https:\/\/fundacionmariasilviaandrade.net\/es\/wp-content\/uploads\/2021\/01\/20-2-676x507.jpeg 676w, https:\/\/fundacionmariasilviaandrade.net\/es\/wp-content\/uploads\/2021\/01\/20-2.jpeg 1280w\" sizes=\"auto, (max-width: 1024px) 100vw, 1024px\" \/><\/figure><\/li><li class=\"blocks-gallery-item\"><figure><img loading=\"lazy\" decoding=\"async\" width=\"768\" height=\"1024\" src=\"https:\/\/fundacionmariasilviaandrade.net\/es\/wp-content\/uploads\/2021\/01\/21-768x1024.jpeg\" alt=\"\" data-id=\"71\" data-link=\"https:\/\/fundacionmariasilviaandrade.net\/es\/?attachment_id=71\" class=\"wp-image-71\" srcset=\"https:\/\/fundacionmariasilviaandrade.net\/es\/wp-content\/uploads\/2021\/01\/21-768x1024.jpeg 768w, https:\/\/fundacionmariasilviaandrade.net\/es\/wp-content\/uploads\/2021\/01\/21-225x300.jpeg 225w, https:\/\/fundacionmariasilviaandrade.net\/es\/wp-content\/uploads\/2021\/01\/21-676x901.jpeg 676w, https:\/\/fundacionmariasilviaandrade.net\/es\/wp-content\/uploads\/2021\/01\/21.jpeg 960w\" sizes=\"auto, (max-width: 768px) 100vw, 768px\" \/><\/figure><\/li><li class=\"blocks-gallery-item\"><figure><img loading=\"lazy\" decoding=\"async\" width=\"768\" height=\"1024\" src=\"https:\/\/fundacionmariasilviaandrade.net\/es\/wp-content\/uploads\/2021\/01\/22-768x1024.jpeg\" alt=\"\" data-id=\"72\" data-link=\"https:\/\/fundacionmariasilviaandrade.net\/es\/?attachment_id=72\" class=\"wp-image-72\" srcset=\"https:\/\/fundacionmariasilviaandrade.net\/es\/wp-content\/uploads\/2021\/01\/22-768x1024.jpeg 768w, https:\/\/fundacionmariasilviaandrade.net\/es\/wp-content\/uploads\/2021\/01\/22-225x300.jpeg 225w, https:\/\/fundacionmariasilviaandrade.net\/es\/wp-content\/uploads\/2021\/01\/22-676x901.jpeg 676w, https:\/\/fundacionmariasilviaandrade.net\/es\/wp-content\/uploads\/2021\/01\/22.jpeg 960w\" sizes=\"auto, (max-width: 768px) 100vw, 768px\" \/><\/figure><\/li><li class=\"blocks-gallery-item\"><figure><img loading=\"lazy\" decoding=\"async\" width=\"768\" height=\"1024\" src=\"https:\/\/fundacionmariasilviaandrade.net\/es\/wp-content\/uploads\/2021\/01\/23-768x1024.jpeg\" alt=\"\" data-id=\"73\" data-link=\"https:\/\/fundacionmariasilviaandrade.net\/es\/?attachment_id=73\" class=\"wp-image-73\" srcset=\"https:\/\/fundacionmariasilviaandrade.net\/es\/wp-content\/uploads\/2021\/01\/23-768x1024.jpeg 768w, https:\/\/fundacionmariasilviaandrade.net\/es\/wp-content\/uploads\/2021\/01\/23-225x300.jpeg 225w, https:\/\/fundacionmariasilviaandrade.net\/es\/wp-content\/uploads\/2021\/01\/23-676x901.jpeg 676w, https:\/\/fundacionmariasilviaandrade.net\/es\/wp-content\/uploads\/2021\/01\/23.jpeg 960w\" sizes=\"auto, (max-width: 768px) 100vw, 768px\" \/><\/figure><\/li><li class=\"blocks-gallery-item\"><figure><img loading=\"lazy\" decoding=\"async\" width=\"960\" height=\"1280\" src=\"https:\/\/fundacionmariasilviaandrade.net\/es\/wp-content\/uploads\/2021\/01\/24-768x1024.jpeg\" alt=\"\" data-id=\"74\" data-link=\"https:\/\/fundacionmariasilviaandrade.net\/es\/?attachment_id=74\" class=\"wp-image-74\" srcset=\"https:\/\/fundacionmariasilviaandrade.net\/es\/wp-content\/uploads\/2021\/01\/24-768x1024.jpeg 768w, https:\/\/fundacionmariasilviaandrade.net\/es\/wp-content\/uploads\/2021\/01\/24-225x300.jpeg 225w, https:\/\/fundacionmariasilviaandrade.net\/es\/wp-content\/uploads\/2021\/01\/24-676x901.jpeg 676w, https:\/\/fundacionmariasilviaandrade.net\/es\/wp-content\/uploads\/2021\/01\/24.jpeg 960w\" sizes=\"auto, (max-width: 960px) 100vw, 960px\" \/><\/figure><\/li><li class=\"blocks-gallery-item\"><figure><img loading=\"lazy\" decoding=\"async\" width=\"768\" height=\"1024\" src=\"https:\/\/fundacionmariasilviaandrade.net\/es\/wp-content\/uploads\/2021\/01\/25-768x1024.jpeg\" alt=\"\" data-id=\"75\" data-link=\"https:\/\/fundacionmariasilviaandrade.net\/es\/?attachment_id=75\" class=\"wp-image-75\" srcset=\"https:\/\/fundacionmariasilviaandrade.net\/es\/wp-content\/uploads\/2021\/01\/25-768x1024.jpeg 768w, https:\/\/fundacionmariasilviaandrade.net\/es\/wp-content\/uploads\/2021\/01\/25-225x300.jpeg 225w, https:\/\/fundacionmariasilviaandrade.net\/es\/wp-content\/uploads\/2021\/01\/25-676x901.jpeg 676w, https:\/\/fundacionmariasilviaandrade.net\/es\/wp-content\/uploads\/2021\/01\/25.jpeg 960w\" sizes=\"auto, (max-width: 768px) 100vw, 768px\" \/><\/figure><\/li><li class=\"blocks-gallery-item\"><figure><img loading=\"lazy\" decoding=\"async\" width=\"768\" height=\"1024\" src=\"https:\/\/fundacionmariasilviaandrade.net\/es\/wp-content\/uploads\/2021\/01\/26-768x1024.jpeg\" alt=\"\" data-id=\"76\" data-link=\"https:\/\/fundacionmariasilviaandrade.net\/es\/?attachment_id=76\" class=\"wp-image-76\" srcset=\"https:\/\/fundacionmariasilviaandrade.net\/es\/wp-content\/uploads\/2021\/01\/26-768x1024.jpeg 768w, https:\/\/fundacionmariasilviaandrade.net\/es\/wp-content\/uploads\/2021\/01\/26-225x300.jpeg 225w, https:\/\/fundacionmariasilviaandrade.net\/es\/wp-content\/uploads\/2021\/01\/26-676x901.jpeg 676w, https:\/\/fundacionmariasilviaandrade.net\/es\/wp-content\/uploads\/2021\/01\/26.jpeg 960w\" sizes=\"auto, (max-width: 768px) 100vw, 768px\" \/><\/figure><\/li><li class=\"blocks-gallery-item\"><figure><img loading=\"lazy\" decoding=\"async\" width=\"1024\" height=\"768\" src=\"https:\/\/fundacionmariasilviaandrade.net\/es\/wp-content\/uploads\/2021\/01\/27-1024x768.jpeg\" alt=\"\" data-id=\"77\" data-link=\"https:\/\/fundacionmariasilviaandrade.net\/es\/?attachment_id=77\" class=\"wp-image-77\" srcset=\"https:\/\/fundacionmariasilviaandrade.net\/es\/wp-content\/uploads\/2021\/01\/27-1024x768.jpeg 1024w, https:\/\/fundacionmariasilviaandrade.net\/es\/wp-content\/uploads\/2021\/01\/27-300x225.jpeg 300w, https:\/\/fundacionmariasilviaandrade.net\/es\/wp-content\/uploads\/2021\/01\/27-768x576.jpeg 768w, https:\/\/fundacionmariasilviaandrade.net\/es\/wp-content\/uploads\/2021\/01\/27-676x507.jpeg 676w, https:\/\/fundacionmariasilviaandrade.net\/es\/wp-content\/uploads\/2021\/01\/27.jpeg 1280w\" sizes=\"auto, (max-width: 1024px) 100vw, 1024px\" \/><\/figure><\/li><li class=\"blocks-gallery-item\"><figure><img loading=\"lazy\" decoding=\"async\" width=\"1024\" height=\"768\" src=\"https:\/\/fundacionmariasilviaandrade.net\/es\/wp-content\/uploads\/2021\/01\/28-1024x768.jpeg\" alt=\"\" data-id=\"78\" data-link=\"https:\/\/fundacionmariasilviaandrade.net\/es\/?attachment_id=78\" class=\"wp-image-78\" srcset=\"https:\/\/fundacionmariasilviaandrade.net\/es\/wp-content\/uploads\/2021\/01\/28-1024x768.jpeg 1024w, https:\/\/fundacionmariasilviaandrade.net\/es\/wp-content\/uploads\/2021\/01\/28-300x225.jpeg 300w, https:\/\/fundacionmariasilviaandrade.net\/es\/wp-content\/uploads\/2021\/01\/28-768x576.jpeg 768w, https:\/\/fundacionmariasilviaandrade.net\/es\/wp-content\/uploads\/2021\/01\/28-676x507.jpeg 676w, https:\/\/fundacionmariasilviaandrade.net\/es\/wp-content\/uploads\/2021\/01\/28.jpeg 1280w\" sizes=\"auto, (max-width: 1024px) 100vw, 1024px\" \/><\/figure><\/li><li class=\"blocks-gallery-item\"><figure><img loading=\"lazy\" decoding=\"async\" width=\"768\" height=\"1024\" src=\"https:\/\/fundacionmariasilviaandrade.net\/es\/wp-content\/uploads\/2021\/01\/29-768x1024.jpeg\" alt=\"\" data-id=\"80\" data-link=\"https:\/\/fundacionmariasilviaandrade.net\/es\/2021\/01\/21\/celebracion-dia-del-adulto-mayor\/attachment\/29\/\" class=\"wp-image-80\" srcset=\"https:\/\/fundacionmariasilviaandrade.net\/es\/wp-content\/uploads\/2021\/01\/29-768x1024.jpeg 768w, https:\/\/fundacionmariasilviaandrade.net\/es\/wp-content\/uploads\/2021\/01\/29-225x300.jpeg 225w, https:\/\/fundacionmariasilviaandrade.net\/es\/wp-content\/uploads\/2021\/01\/29-676x901.jpeg 676w, https:\/\/fundacionmariasilviaandrade.net\/es\/wp-content\/uploads\/2021\/01\/29.jpeg 960w\" sizes=\"auto, (max-width: 768px) 100vw, 768px\" \/><\/figure><\/li><li class=\"blocks-gallery-item\"><figure><img loading=\"lazy\" decoding=\"async\" width=\"768\" height=\"1024\" src=\"https:\/\/fundacionmariasilviaandrade.net\/es\/wp-content\/uploads\/2021\/01\/30-768x1024.jpeg\" alt=\"\" data-id=\"81\" data-link=\"https:\/\/fundacionmariasilviaandrade.net\/es\/2021\/01\/21\/celebracion-dia-del-adulto-mayor\/attachment\/30\/\" class=\"wp-image-81\" srcset=\"https:\/\/fundacionmariasilviaandrade.net\/es\/wp-content\/uploads\/2021\/01\/30-768x1024.jpeg 768w, https:\/\/fundacionmariasilviaandrade.net\/es\/wp-content\/uploads\/2021\/01\/30-225x300.jpeg 225w, https:\/\/fundacionmariasilviaandrade.net\/es\/wp-content\/uploads\/2021\/01\/30-676x901.jpeg 676w, https:\/\/fundacionmariasilviaandrade.net\/es\/wp-content\/uploads\/2021\/01\/30.jpeg 960w\" sizes=\"auto, (max-width: 768px) 100vw, 768px\" \/><\/figure><\/li><li class=\"blocks-gallery-item\"><figure><img loading=\"lazy\" decoding=\"async\" width=\"768\" height=\"1024\" src=\"https:\/\/fundacionmariasilviaandrade.net\/es\/wp-content\/uploads\/2021\/01\/31-768x1024.jpeg\" alt=\"\" data-id=\"83\" data-link=\"https:\/\/fundacionmariasilviaandrade.net\/es\/2021\/01\/21\/celebracion-dia-del-adulto-mayor\/attachment\/31\/\" class=\"wp-image-83\" srcset=\"https:\/\/fundacionmariasilviaandrade.net\/es\/wp-content\/uploads\/2021\/01\/31-768x1024.jpeg 768w, https:\/\/fundacionmariasilviaandrade.net\/es\/wp-content\/uploads\/2021\/01\/31-225x300.jpeg 225w, https:\/\/fundacionmariasilviaandrade.net\/es\/wp-content\/uploads\/2021\/01\/31-676x901.jpeg 676w, https:\/\/fundacionmariasilviaandrade.net\/es\/wp-content\/uploads\/2021\/01\/31.jpeg 960w\" sizes=\"auto, (max-width: 768px) 100vw, 768px\" \/><\/figure><\/li><li class=\"blocks-gallery-item\"><figure><img loading=\"lazy\" decoding=\"async\" width=\"768\" height=\"1024\" src=\"https:\/\/fundacionmariasilviaandrade.net\/es\/wp-content\/uploads\/2021\/01\/32-768x1024.jpeg\" alt=\"\" data-id=\"84\" data-link=\"https:\/\/fundacionmariasilviaandrade.net\/es\/2021\/01\/21\/celebracion-dia-del-adulto-mayor\/attachment\/32\/\" class=\"wp-image-84\" srcset=\"https:\/\/fundacionmariasilviaandrade.net\/es\/wp-content\/uploads\/2021\/01\/32-768x1024.jpeg 768w, https:\/\/fundacionmariasilviaandrade.net\/es\/wp-content\/uploads\/2021\/01\/32-225x300.jpeg 225w, https:\/\/fundacionmariasilviaandrade.net\/es\/wp-content\/uploads\/2021\/01\/32-676x901.jpeg 676w, https:\/\/fundacionmariasilviaandrade.net\/es\/wp-content\/uploads\/2021\/01\/32.jpeg 960w\" sizes=\"auto, (max-width: 768px) 100vw, 768px\" \/><\/figure><\/li><li class=\"blocks-gallery-item\"><figure><img loading=\"lazy\" decoding=\"async\" width=\"768\" height=\"1024\" src=\"https:\/\/fundacionmariasilviaandrade.net\/es\/wp-content\/uploads\/2021\/01\/33-768x1024.jpeg\" alt=\"\" data-id=\"86\" data-link=\"https:\/\/fundacionmariasilviaandrade.net\/es\/2021\/01\/21\/celebracion-dia-del-adulto-mayor\/attachment\/33\/\" class=\"wp-image-86\" srcset=\"https:\/\/fundacionmariasilviaandrade.net\/es\/wp-content\/uploads\/2021\/01\/33-768x1024.jpeg 768w, https:\/\/fundacionmariasilviaandrade.net\/es\/wp-content\/uploads\/2021\/01\/33-225x300.jpeg 225w, https:\/\/fundacionmariasilviaandrade.net\/es\/wp-content\/uploads\/2021\/01\/33-676x901.jpeg 676w, https:\/\/fundacionmariasilviaandrade.net\/es\/wp-content\/uploads\/2021\/01\/33.jpeg 960w\" sizes=\"auto, (max-width: 768px) 100vw, 768px\" \/><\/figure><\/li><li class=\"blocks-gallery-item\"><figure><img loading=\"lazy\" decoding=\"async\" width=\"768\" height=\"1024\" src=\"https:\/\/fundacionmariasilviaandrade.net\/es\/wp-content\/uploads\/2021\/01\/34-768x1024.jpeg\" alt=\"\" data-id=\"87\" data-link=\"https:\/\/fundacionmariasilviaandrade.net\/es\/2021\/01\/21\/celebracion-dia-del-adulto-mayor\/attachment\/34\/\" class=\"wp-image-87\" srcset=\"https:\/\/fundacionmariasilviaandrade.net\/es\/wp-content\/uploads\/2021\/01\/34-768x1024.jpeg 768w, https:\/\/fundacionmariasilviaandrade.net\/es\/wp-content\/uploads\/2021\/01\/34-225x300.jpeg 225w, https:\/\/fundacionmariasilviaandrade.net\/es\/wp-content\/uploads\/2021\/01\/34-676x901.jpeg 676w, https:\/\/fundacionmariasilviaandrade.net\/es\/wp-content\/uploads\/2021\/01\/34.jpeg 960w\" sizes=\"auto, (max-width: 768px) 100vw, 768px\" \/><\/figure><\/li><li class=\"blocks-gallery-item\"><figure><img loading=\"lazy\" decoding=\"async\" width=\"768\" height=\"1024\" src=\"https:\/\/fundacionmariasilviaandrade.net\/es\/wp-content\/uploads\/2021\/01\/35-768x1024.jpeg\" alt=\"\" data-id=\"88\" data-link=\"https:\/\/fundacionmariasilviaandrade.net\/es\/2021\/01\/21\/celebracion-dia-del-adulto-mayor\/attachment\/35\/\" class=\"wp-image-88\" srcset=\"https:\/\/fundacionmariasilviaandrade.net\/es\/wp-content\/uploads\/2021\/01\/35-768x1024.jpeg 768w, https:\/\/fundacionmariasilviaandrade.net\/es\/wp-content\/uploads\/2021\/01\/35-225x300.jpeg 225w, https:\/\/fundacionmariasilviaandrade.net\/es\/wp-content\/uploads\/2021\/01\/35-676x901.jpeg 676w, https:\/\/fundacionmariasilviaandrade.net\/es\/wp-content\/uploads\/2021\/01\/35.jpeg 960w\" sizes=\"auto, (max-width: 768px) 100vw, 768px\" \/><\/figure><\/li><li class=\"blocks-gallery-item\"><figure><img loading=\"lazy\" decoding=\"async\" width=\"768\" height=\"1024\" src=\"https:\/\/fundacionmariasilviaandrade.net\/es\/wp-content\/uploads\/2021\/01\/36-768x1024.jpeg\" alt=\"\" data-id=\"90\" data-link=\"https:\/\/fundacionmariasilviaandrade.net\/es\/2021\/01\/21\/celebracion-dia-del-adulto-mayor\/attachment\/36\/\" class=\"wp-image-90\" srcset=\"https:\/\/fundacionmariasilviaandrade.net\/es\/wp-content\/uploads\/2021\/01\/36-768x1024.jpeg 768w, https:\/\/fundacionmariasilviaandrade.net\/es\/wp-content\/uploads\/2021\/01\/36-225x300.jpeg 225w, https:\/\/fundacionmariasilviaandrade.net\/es\/wp-content\/uploads\/2021\/01\/36-676x901.jpeg 676w, https:\/\/fundacionmariasilviaandrade.net\/es\/wp-content\/uploads\/2021\/01\/36.jpeg 960w\" sizes=\"auto, (max-width: 768px) 100vw, 768px\" \/><\/figure><\/li><li class=\"blocks-gallery-item\"><figure><img loading=\"lazy\" decoding=\"async\" width=\"768\" height=\"1024\" src=\"https:\/\/fundacionmariasilviaandrade.net\/es\/wp-content\/uploads\/2021\/01\/37-768x1024.jpeg\" alt=\"\" data-id=\"92\" data-link=\"https:\/\/fundacionmariasilviaandrade.net\/es\/2021\/01\/21\/celebracion-dia-del-adulto-mayor\/attachment\/37\/\" class=\"wp-image-92\" srcset=\"https:\/\/fundacionmariasilviaandrade.net\/es\/wp-content\/uploads\/2021\/01\/37-768x1024.jpeg 768w, https:\/\/fundacionmariasilviaandrade.net\/es\/wp-content\/uploads\/2021\/01\/37-225x300.jpeg 225w, https:\/\/fundacionmariasilviaandrade.net\/es\/wp-content\/uploads\/2021\/01\/37-676x901.jpeg 676w, https:\/\/fundacionmariasilviaandrade.net\/es\/wp-content\/uploads\/2021\/01\/37.jpeg 960w\" sizes=\"auto, (max-width: 768px) 100vw, 768px\" \/><\/figure><\/li><li class=\"blocks-gallery-item\"><figure><img loading=\"lazy\" decoding=\"async\" width=\"768\" height=\"1024\" src=\"https:\/\/fundacionmariasilviaandrade.net\/es\/wp-content\/uploads\/2021\/01\/38-768x1024.jpeg\" alt=\"\" data-id=\"93\" data-link=\"https:\/\/fundacionmariasilviaandrade.net\/es\/2021\/01\/21\/celebracion-dia-del-adulto-mayor\/attachment\/38\/\" class=\"wp-image-93\" srcset=\"https:\/\/fundacionmariasilviaandrade.net\/es\/wp-content\/uploads\/2021\/01\/38-768x1024.jpeg 768w, https:\/\/fundacionmariasilviaandrade.net\/es\/wp-content\/uploads\/2021\/01\/38-225x300.jpeg 225w, https:\/\/fundacionmariasilviaandrade.net\/es\/wp-content\/uploads\/2021\/01\/38-676x901.jpeg 676w, https:\/\/fundacionmariasilviaandrade.net\/es\/wp-content\/uploads\/2021\/01\/38.jpeg 960w\" sizes=\"auto, (max-width: 768px) 100vw, 768px\" \/><\/figure><\/li><li class=\"blocks-gallery-item\"><figure><img loading=\"lazy\" decoding=\"async\" width=\"1024\" height=\"768\" src=\"https:\/\/fundacionmariasilviaandrade.net\/es\/wp-content\/uploads\/2021\/01\/39-1-1024x768.jpeg\" alt=\"\" data-id=\"99\" data-full-url=\"https:\/\/fundacionmariasilviaandrade.net\/es\/wp-content\/uploads\/2021\/01\/39-1.jpeg\" data-link=\"https:\/\/fundacionmariasilviaandrade.net\/es\/2021\/01\/21\/celebracion-dia-del-adulto-mayor\/39-1\/\" class=\"wp-image-99\" srcset=\"https:\/\/fundacionmariasilviaandrade.net\/es\/wp-content\/uploads\/2021\/01\/39-1-1024x768.jpeg 1024w, https:\/\/fundacionmariasilviaandrade.net\/es\/wp-content\/uploads\/2021\/01\/39-1-300x225.jpeg 300w, https:\/\/fundacionmariasilviaandrade.net\/es\/wp-content\/uploads\/2021\/01\/39-1-768x576.jpeg 768w, https:\/\/fundacionmariasilviaandrade.net\/es\/wp-content\/uploads\/2021\/01\/39-1-676x507.jpeg 676w, https:\/\/fundacionmariasilviaandrade.net\/es\/wp-content\/uploads\/2021\/01\/39-1.jpeg 1280w\" sizes=\"auto, (max-width: 1024px) 100vw, 1024px\" \/><\/figure><\/li><li class=\"blocks-gallery-item\"><figure><img loading=\"lazy\" decoding=\"async\" width=\"1024\" height=\"768\" src=\"https:\/\/fundacionmariasilviaandrade.net\/es\/wp-content\/uploads\/2021\/01\/40-1-1024x768.jpeg\" alt=\"\" data-id=\"100\" data-full-url=\"https:\/\/fundacionmariasilviaandrade.net\/es\/wp-content\/uploads\/2021\/01\/40-1.jpeg\" data-link=\"https:\/\/fundacionmariasilviaandrade.net\/es\/2021\/01\/21\/celebracion-dia-del-adulto-mayor\/40-1\/\" class=\"wp-image-100\" srcset=\"https:\/\/fundacionmariasilviaandrade.net\/es\/wp-content\/uploads\/2021\/01\/40-1-1024x768.jpeg 1024w, https:\/\/fundacionmariasilviaandrade.net\/es\/wp-content\/uploads\/2021\/01\/40-1-300x225.jpeg 300w, https:\/\/fundacionmariasilviaandrade.net\/es\/wp-content\/uploads\/2021\/01\/40-1-768x576.jpeg 768w, https:\/\/fundacionmariasilviaandrade.net\/es\/wp-content\/uploads\/2021\/01\/40-1-676x507.jpeg 676w, https:\/\/fundacionmariasilviaandrade.net\/es\/wp-content\/uploads\/2021\/01\/40-1.jpeg 1280w\" sizes=\"auto, (max-width: 1024px) 100vw, 1024px\" \/><\/figure><\/li><li class=\"blocks-gallery-item\"><figure><img loading=\"lazy\" decoding=\"async\" width=\"768\" height=\"1024\" src=\"https:\/\/fundacionmariasilviaandrade.net\/es\/wp-content\/uploads\/2021\/01\/41-768x1024.jpeg\" alt=\"\" data-id=\"101\" data-full-url=\"https:\/\/fundacionmariasilviaandrade.net\/es\/wp-content\/uploads\/2021\/01\/41.jpeg\" data-link=\"https:\/\/fundacionmariasilviaandrade.net\/es\/2021\/01\/21\/celebracion-dia-del-adulto-mayor\/attachment\/41\/\" class=\"wp-image-101\" srcset=\"https:\/\/fundacionmariasilviaandrade.net\/es\/wp-content\/uploads\/2021\/01\/41-768x1024.jpeg 768w, https:\/\/fundacionmariasilviaandrade.net\/es\/wp-content\/uploads\/2021\/01\/41-225x300.jpeg 225w, https:\/\/fundacionmariasilviaandrade.net\/es\/wp-content\/uploads\/2021\/01\/41-676x901.jpeg 676w, https:\/\/fundacionmariasilviaandrade.net\/es\/wp-content\/uploads\/2021\/01\/41.jpeg 960w\" sizes=\"auto, (max-width: 768px) 100vw, 768px\" \/><\/figure><\/li><li class=\"blocks-gallery-item\"><figure><img loading=\"lazy\" decoding=\"async\" width=\"768\" height=\"1024\" src=\"https:\/\/fundacionmariasilviaandrade.net\/es\/wp-content\/uploads\/2021\/01\/42-768x1024.jpeg\" alt=\"\" data-id=\"102\" data-full-url=\"https:\/\/fundacionmariasilviaandrade.net\/es\/wp-content\/uploads\/2021\/01\/42.jpeg\" data-link=\"https:\/\/fundacionmariasilviaandrade.net\/es\/2021\/01\/21\/celebracion-dia-del-adulto-mayor\/attachment\/42\/\" class=\"wp-image-102\" srcset=\"https:\/\/fundacionmariasilviaandrade.net\/es\/wp-content\/uploads\/2021\/01\/42-768x1024.jpeg 768w, https:\/\/fundacionmariasilviaandrade.net\/es\/wp-content\/uploads\/2021\/01\/42-225x300.jpeg 225w, https:\/\/fundacionmariasilviaandrade.net\/es\/wp-content\/uploads\/2021\/01\/42-676x901.jpeg 676w, https:\/\/fundacionmariasilviaandrade.net\/es\/wp-content\/uploads\/2021\/01\/42.jpeg 960w\" sizes=\"auto, (max-width: 768px) 100vw, 768px\" \/><\/figure><\/li><li class=\"blocks-gallery-item\"><figure><img loading=\"lazy\" decoding=\"async\" width=\"768\" height=\"1024\" src=\"https:\/\/fundacionmariasilviaandrade.net\/es\/wp-content\/uploads\/2021\/01\/43-768x1024.jpeg\" alt=\"\" data-id=\"103\" data-full-url=\"https:\/\/fundacionmariasilviaandrade.net\/es\/wp-content\/uploads\/2021\/01\/43.jpeg\" data-link=\"https:\/\/fundacionmariasilviaandrade.net\/es\/2021\/01\/21\/celebracion-dia-del-adulto-mayor\/attachment\/43\/\" class=\"wp-image-103\" srcset=\"https:\/\/fundacionmariasilviaandrade.net\/es\/wp-content\/uploads\/2021\/01\/43-768x1024.jpeg 768w, https:\/\/fundacionmariasilviaandrade.net\/es\/wp-content\/uploads\/2021\/01\/43-225x300.jpeg 225w, https:\/\/fundacionmariasilviaandrade.net\/es\/wp-content\/uploads\/2021\/01\/43-676x901.jpeg 676w, https:\/\/fundacionmariasilviaandrade.net\/es\/wp-content\/uploads\/2021\/01\/43.jpeg 960w\" sizes=\"auto, (max-width: 768px) 100vw, 768px\" \/><\/figure><\/li><li class=\"blocks-gallery-item\"><figure><img loading=\"lazy\" decoding=\"async\" width=\"1024\" height=\"768\" src=\"https:\/\/fundacionmariasilviaandrade.net\/es\/wp-content\/uploads\/2021\/01\/44-1024x768.jpeg\" alt=\"\" data-id=\"105\" data-full-url=\"https:\/\/fundacionmariasilviaandrade.net\/es\/wp-content\/uploads\/2021\/01\/44.jpeg\" data-link=\"https:\/\/fundacionmariasilviaandrade.net\/es\/2021\/01\/21\/celebracion-dia-del-adulto-mayor\/attachment\/44\/\" class=\"wp-image-105\" srcset=\"https:\/\/fundacionmariasilviaandrade.net\/es\/wp-content\/uploads\/2021\/01\/44-1024x768.jpeg 1024w, https:\/\/fundacionmariasilviaandrade.net\/es\/wp-content\/uploads\/2021\/01\/44-300x225.jpeg 300w, https:\/\/fundacionmariasilviaandrade.net\/es\/wp-content\/uploads\/2021\/01\/44-768x576.jpeg 768w, https:\/\/fundacionmariasilviaandrade.net\/es\/wp-content\/uploads\/2021\/01\/44-676x507.jpeg 676w, https:\/\/fundacionmariasilviaandrade.net\/es\/wp-content\/uploads\/2021\/01\/44.jpeg 1280w\" sizes=\"auto, (max-width: 1024px) 100vw, 1024px\" \/><\/figure><\/li><li class=\"blocks-gallery-item\"><figure><img loading=\"lazy\" decoding=\"async\" width=\"1024\" height=\"768\" src=\"https:\/\/fundacionmariasilviaandrade.net\/es\/wp-content\/uploads\/2021\/01\/45-1024x768.jpeg\" alt=\"\" data-id=\"106\" data-full-url=\"https:\/\/fundacionmariasilviaandrade.net\/es\/wp-content\/uploads\/2021\/01\/45.jpeg\" data-link=\"https:\/\/fundacionmariasilviaandrade.net\/es\/2021\/01\/21\/celebracion-dia-del-adulto-mayor\/attachment\/45\/\" class=\"wp-image-106\" srcset=\"https:\/\/fundacionmariasilviaandrade.net\/es\/wp-content\/uploads\/2021\/01\/45-1024x768.jpeg 1024w, https:\/\/fundacionmariasilviaandrade.net\/es\/wp-content\/uploads\/2021\/01\/45-300x225.jpeg 300w, https:\/\/fundacionmariasilviaandrade.net\/es\/wp-content\/uploads\/2021\/01\/45-768x576.jpeg 768w, https:\/\/fundacionmariasilviaandrade.net\/es\/wp-content\/uploads\/2021\/01\/45-676x507.jpeg 676w, https:\/\/fundacionmariasilviaandrade.net\/es\/wp-content\/uploads\/2021\/01\/45.jpeg 1280w\" sizes=\"auto, (max-width: 1024px) 100vw, 1024px\" \/><\/figure><\/li><li class=\"blocks-gallery-item\"><figure><img loading=\"lazy\" decoding=\"async\" width=\"1024\" height=\"768\" src=\"https:\/\/fundacionmariasilviaandrade.net\/es\/wp-content\/uploads\/2021\/01\/46-1024x768.jpeg\" alt=\"\" data-id=\"107\" data-full-url=\"https:\/\/fundacionmariasilviaandrade.net\/es\/wp-content\/uploads\/2021\/01\/46.jpeg\" data-link=\"https:\/\/fundacionmariasilviaandrade.net\/es\/2021\/01\/21\/celebracion-dia-del-adulto-mayor\/attachment\/46\/\" class=\"wp-image-107\" srcset=\"https:\/\/fundacionmariasilviaandrade.net\/es\/wp-content\/uploads\/2021\/01\/46-1024x768.jpeg 1024w, https:\/\/fundacionmariasilviaandrade.net\/es\/wp-content\/uploads\/2021\/01\/46-300x225.jpeg 300w, https:\/\/fundacionmariasilviaandrade.net\/es\/wp-content\/uploads\/2021\/01\/46-768x576.jpeg 768w, https:\/\/fundacionmariasilviaandrade.net\/es\/wp-content\/uploads\/2021\/01\/46-676x507.jpeg 676w, https:\/\/fundacionmariasilviaandrade.net\/es\/wp-content\/uploads\/2021\/01\/46.jpeg 1280w\" sizes=\"auto, (max-width: 1024px) 100vw, 1024px\" \/><\/figure><\/li><li class=\"blocks-gallery-item\"><figure><img loading=\"lazy\" decoding=\"async\" width=\"1024\" height=\"768\" src=\"https:\/\/fundacionmariasilviaandrade.net\/es\/wp-content\/uploads\/2021\/01\/47-1024x768.jpeg\" alt=\"\" data-id=\"108\" data-full-url=\"https:\/\/fundacionmariasilviaandrade.net\/es\/wp-content\/uploads\/2021\/01\/47.jpeg\" data-link=\"https:\/\/fundacionmariasilviaandrade.net\/es\/2021\/01\/21\/celebracion-dia-del-adulto-mayor\/attachment\/47\/\" class=\"wp-image-108\" srcset=\"https:\/\/fundacionmariasilviaandrade.net\/es\/wp-content\/uploads\/2021\/01\/47-1024x768.jpeg 1024w, https:\/\/fundacionmariasilviaandrade.net\/es\/wp-content\/uploads\/2021\/01\/47-300x225.jpeg 300w, https:\/\/fundacionmariasilviaandrade.net\/es\/wp-content\/uploads\/2021\/01\/47-768x576.jpeg 768w, https:\/\/fundacionmariasilviaandrade.net\/es\/wp-content\/uploads\/2021\/01\/47-676x507.jpeg 676w, https:\/\/fundacionmariasilviaandrade.net\/es\/wp-content\/uploads\/2021\/01\/47.jpeg 1280w\" sizes=\"auto, (max-width: 1024px) 100vw, 1024px\" \/><\/figure><\/li><li class=\"blocks-gallery-item\"><figure><img loading=\"lazy\" decoding=\"async\" width=\"768\" height=\"1024\" src=\"https:\/\/fundacionmariasilviaandrade.net\/es\/wp-content\/uploads\/2021\/01\/48-768x1024.jpeg\" alt=\"\" data-id=\"109\" data-full-url=\"https:\/\/fundacionmariasilviaandrade.net\/es\/wp-content\/uploads\/2021\/01\/48.jpeg\" data-link=\"https:\/\/fundacionmariasilviaandrade.net\/es\/2021\/01\/21\/celebracion-dia-del-adulto-mayor\/attachment\/48\/\" class=\"wp-image-109\" srcset=\"https:\/\/fundacionmariasilviaandrade.net\/es\/wp-content\/uploads\/2021\/01\/48-768x1024.jpeg 768w, https:\/\/fundacionmariasilviaandrade.net\/es\/wp-content\/uploads\/2021\/01\/48-225x300.jpeg 225w, https:\/\/fundacionmariasilviaandrade.net\/es\/wp-content\/uploads\/2021\/01\/48-676x901.jpeg 676w, https:\/\/fundacionmariasilviaandrade.net\/es\/wp-content\/uploads\/2021\/01\/48.jpeg 960w\" sizes=\"auto, (max-width: 768px) 100vw, 768px\" \/><\/figure><\/li><li class=\"blocks-gallery-item\"><figure><img loading=\"lazy\" decoding=\"async\" width=\"768\" height=\"1024\" src=\"https:\/\/fundacionmariasilviaandrade.net\/es\/wp-content\/uploads\/2021\/01\/49-768x1024.jpeg\" alt=\"\" data-id=\"110\" data-full-url=\"https:\/\/fundacionmariasilviaandrade.net\/es\/wp-content\/uploads\/2021\/01\/49.jpeg\" data-link=\"https:\/\/fundacionmariasilviaandrade.net\/es\/2021\/01\/21\/celebracion-dia-del-adulto-mayor\/attachment\/49\/\" class=\"wp-image-110\" srcset=\"https:\/\/fundacionmariasilviaandrade.net\/es\/wp-content\/uploads\/2021\/01\/49-768x1024.jpeg 768w, https:\/\/fundacionmariasilviaandrade.net\/es\/wp-content\/uploads\/2021\/01\/49-225x300.jpeg 225w, https:\/\/fundacionmariasilviaandrade.net\/es\/wp-content\/uploads\/2021\/01\/49-676x901.jpeg 676w, https:\/\/fundacionmariasilviaandrade.net\/es\/wp-content\/uploads\/2021\/01\/49.jpeg 960w\" sizes=\"auto, (max-width: 768px) 100vw, 768px\" \/><\/figure><\/li><\/ul><\/figure>\n","protected":false},"excerpt":{"rendered":"<p>La Fundaci\u00f3n Mar\u00eda Silvia Andrade, en el d\u00eda del adulto mayor, crea espacios de diversi\u00f3n y esparcimiento para que los abuelos se sientan cada vez m\u00e1s, parte de la sociedad a la que tanto han servido. \u00a1Felicitaciones!<\/p>\n","protected":false},"author":1,"featured_media":70,"comment_status":"open","ping_status":"open","sticky":false,"template":"","format":"standard","meta":{"footnotes":""},"categories":[4],"tags":[],"class_list":["post-69","post","type-post","status-publish","format-standard","has-post-thumbnail","hentry","category-fundacion-maria-silvia-andrade"],"_links":{"self":[{"href":"https:\/\/fundacionmariasilviaandrade.net\/es\/wp-json\/wp\/v2\/posts\/69","targetHints":{"allow":["GET"]}}],"collection":[{"href":"https:\/\/fundacionmariasilviaandrade.net\/es\/wp-json\/wp\/v2\/posts"}],"about":[{"href":"https:\/\/fundacionmariasilviaandrade.net\/es\/wp-json\/wp\/v2\/types\/post"}],"author":[{"embeddable":true,"href":"https:\/\/fundacionmariasilviaandrade.net\/es\/wp-json\/wp\/v2\/users\/1"}],"replies":[{"embeddable":true,"href":"https:\/\/fundacionmariasilviaandrade.net\/es\/wp-json\/wp\/v2\/comments?post=69"}],"version-history":[{"count":8,"href":"https:\/\/fundacionmariasilviaandrade.net\/es\/wp-json\/wp\/v2\/posts\/69\/revisions"}],"predecessor-version":[{"id":148,"href":"https:\/\/fundacionmariasilviaandrade.net\/es\/wp-json\/wp\/v2\/posts\/69\/revisions\/148"}],"wp:featuredmedia":[{"embeddable":true,"href":"https:\/\/fundacionmariasilviaandrade.net\/es\/wp-json\/wp\/v2\/media\/70"}],"wp:attachment":[{"href":"https:\/\/fundacionmariasilviaandrade.net\/es\/wp-json\/wp\/v2\/media?parent=69"}],"wp:term":[{"taxonomy":"category","embeddable":true,"href":"https:\/\/fundacionmariasilviaandrade.net\/es\/wp-json\/wp\/v2\/categories?post=69"},{"taxonomy":"post_tag","embeddable":true,"href":"https:\/\/fundacionmariasilviaandrade.net\/es\/wp-json\/wp\/v2\/tags?post=69"}],"curies":[{"name":"wp","href":"https:\/\/api.w.org\/{rel}","templated":true}]}}