{"id":654,"date":"2025-05-02T09:13:26","date_gmt":"2025-05-02T14:13:26","guid":{"rendered":"https:\/\/fundacionmariasilviaandrade.net\/es\/?p=654"},"modified":"2025-05-02T17:58:17","modified_gmt":"2025-05-02T22:58:17","slug":"leer-transforma","status":"publish","type":"post","link":"https:\/\/fundacionmariasilviaandrade.net\/es\/leer-transforma\/","title":{"rendered":"Leer transforma"},"content":{"rendered":"\n<p>Con el \u00e1nimo de promover la lectura en el departamento del Choco, la fundaci\u00f3n Mar\u00eda Silvia Andrade ha venido haciendo entrega de libros a NNA*, y Adultos mayores con el lema \u00abLeer transforma\u00bb.<\/p>\n\n\n\n<div class=\"wp-block-group\"><div class=\"wp-block-group__inner-container is-layout-constrained wp-block-group-is-layout-constrained\">\n<figure class=\"wp-block-gallery has-nested-images columns-default is-cropped wp-block-gallery-1 is-layout-flex wp-block-gallery-is-layout-flex\">\n<figure class=\"wp-block-image size-large\"><img loading=\"lazy\" decoding=\"async\" width=\"1024\" height=\"768\" data-id=\"661\" src=\"https:\/\/fundacionmariasilviaandrade.net\/es\/wp-content\/uploads\/2025\/05\/WhatsApp-Image-2025-05-02-at-5.38.14-PM-3-1024x768.jpeg\" alt=\"\" class=\"wp-image-661\" srcset=\"https:\/\/fundacionmariasilviaandrade.net\/es\/wp-content\/uploads\/2025\/05\/WhatsApp-Image-2025-05-02-at-5.38.14-PM-3-1024x768.jpeg 1024w, https:\/\/fundacionmariasilviaandrade.net\/es\/wp-content\/uploads\/2025\/05\/WhatsApp-Image-2025-05-02-at-5.38.14-PM-3-300x225.jpeg 300w, https:\/\/fundacionmariasilviaandrade.net\/es\/wp-content\/uploads\/2025\/05\/WhatsApp-Image-2025-05-02-at-5.38.14-PM-3-768x576.jpeg 768w, https:\/\/fundacionmariasilviaandrade.net\/es\/wp-content\/uploads\/2025\/05\/WhatsApp-Image-2025-05-02-at-5.38.14-PM-3-1536x1152.jpeg 1536w, https:\/\/fundacionmariasilviaandrade.net\/es\/wp-content\/uploads\/2025\/05\/WhatsApp-Image-2025-05-02-at-5.38.14-PM-3.jpeg 1600w\" sizes=\"auto, (max-width: 1024px) 100vw, 1024px\" \/><\/figure>\n\n\n\n<figure class=\"wp-block-image size-large\"><img loading=\"lazy\" decoding=\"async\" width=\"1024\" height=\"768\" data-id=\"663\" src=\"https:\/\/fundacionmariasilviaandrade.net\/es\/wp-content\/uploads\/2025\/05\/WhatsApp-Image-2025-05-02-at-5.38.14-PM-2-1024x768.jpeg\" alt=\"\" class=\"wp-image-663\" srcset=\"https:\/\/fundacionmariasilviaandrade.net\/es\/wp-content\/uploads\/2025\/05\/WhatsApp-Image-2025-05-02-at-5.38.14-PM-2-1024x768.jpeg 1024w, https:\/\/fundacionmariasilviaandrade.net\/es\/wp-content\/uploads\/2025\/05\/WhatsApp-Image-2025-05-02-at-5.38.14-PM-2-300x225.jpeg 300w, https:\/\/fundacionmariasilviaandrade.net\/es\/wp-content\/uploads\/2025\/05\/WhatsApp-Image-2025-05-02-at-5.38.14-PM-2-768x576.jpeg 768w, https:\/\/fundacionmariasilviaandrade.net\/es\/wp-content\/uploads\/2025\/05\/WhatsApp-Image-2025-05-02-at-5.38.14-PM-2-1536x1152.jpeg 1536w, https:\/\/fundacionmariasilviaandrade.net\/es\/wp-content\/uploads\/2025\/05\/WhatsApp-Image-2025-05-02-at-5.38.14-PM-2.jpeg 1600w\" sizes=\"auto, (max-width: 1024px) 100vw, 1024px\" \/><\/figure>\n\n\n\n<figure class=\"wp-block-image size-large\"><img loading=\"lazy\" decoding=\"async\" width=\"1024\" height=\"768\" data-id=\"664\" src=\"https:\/\/fundacionmariasilviaandrade.net\/es\/wp-content\/uploads\/2025\/05\/WhatsApp-Image-2025-05-02-at-5.38.14-PM-1-1024x768.jpeg\" alt=\"\" class=\"wp-image-664\" srcset=\"https:\/\/fundacionmariasilviaandrade.net\/es\/wp-content\/uploads\/2025\/05\/WhatsApp-Image-2025-05-02-at-5.38.14-PM-1-1024x768.jpeg 1024w, https:\/\/fundacionmariasilviaandrade.net\/es\/wp-content\/uploads\/2025\/05\/WhatsApp-Image-2025-05-02-at-5.38.14-PM-1-300x225.jpeg 300w, https:\/\/fundacionmariasilviaandrade.net\/es\/wp-content\/uploads\/2025\/05\/WhatsApp-Image-2025-05-02-at-5.38.14-PM-1-768x576.jpeg 768w, https:\/\/fundacionmariasilviaandrade.net\/es\/wp-content\/uploads\/2025\/05\/WhatsApp-Image-2025-05-02-at-5.38.14-PM-1-1536x1152.jpeg 1536w, https:\/\/fundacionmariasilviaandrade.net\/es\/wp-content\/uploads\/2025\/05\/WhatsApp-Image-2025-05-02-at-5.38.14-PM-1.jpeg 1600w\" sizes=\"auto, (max-width: 1024px) 100vw, 1024px\" \/><\/figure>\n\n\n\n<figure class=\"wp-block-image size-large\"><img loading=\"lazy\" decoding=\"async\" width=\"768\" height=\"1024\" data-id=\"662\" src=\"https:\/\/fundacionmariasilviaandrade.net\/es\/wp-content\/uploads\/2025\/05\/WhatsApp-Image-2025-05-02-at-5.38.14-PM-768x1024.jpeg\" alt=\"\" class=\"wp-image-662\" srcset=\"https:\/\/fundacionmariasilviaandrade.net\/es\/wp-content\/uploads\/2025\/05\/WhatsApp-Image-2025-05-02-at-5.38.14-PM-768x1024.jpeg 768w, https:\/\/fundacionmariasilviaandrade.net\/es\/wp-content\/uploads\/2025\/05\/WhatsApp-Image-2025-05-02-at-5.38.14-PM-225x300.jpeg 225w, https:\/\/fundacionmariasilviaandrade.net\/es\/wp-content\/uploads\/2025\/05\/WhatsApp-Image-2025-05-02-at-5.38.14-PM-1152x1536.jpeg 1152w, https:\/\/fundacionmariasilviaandrade.net\/es\/wp-content\/uploads\/2025\/05\/WhatsApp-Image-2025-05-02-at-5.38.14-PM.jpeg 1200w\" sizes=\"auto, (max-width: 768px) 100vw, 768px\" \/><\/figure>\n<\/figure>\n<\/div><\/div>\n\n\n\n<figure class=\"wp-block-video\"><video controls src=\"https:\/\/fundacionmariasilviaandrade.net\/es\/wp-content\/uploads\/2025\/05\/WhatsApp-Video-2025-05-02-at-3.52.47-AM-1.mp4\"><\/video><\/figure>\n\n\n\n<figure class=\"wp-block-video\"><video controls src=\"https:\/\/fundacionmariasilviaandrade.net\/es\/wp-content\/uploads\/2025\/05\/WhatsApp-Video-2025-05-02-at-5.38.13-PM.mp4\"><\/video><\/figure>\n\n\n\n<figure class=\"wp-block-video\"><video controls src=\"https:\/\/fundacionmariasilviaandrade.net\/es\/wp-content\/uploads\/2025\/05\/WhatsApp-Video-2025-05-02-at-3.52.47-AM-1-1.mp4\"><\/video><\/figure>\n\n\n\n<figure class=\"wp-block-video\"><video controls src=\"https:\/\/fundacionmariasilviaandrade.net\/es\/wp-content\/uploads\/2025\/05\/WhatsApp-Video-2025-05-02-at-3.52.47-AM-2.mp4\"><\/video><\/figure>\n\n\n\n<p>*Ni\u00f1os, ni\u00f1as y adolescentes.<\/p>\n","protected":false},"excerpt":{"rendered":"<p>Con el \u00e1nimo de promover la lectura en el departamento del Choco, la fundaci\u00f3n Mar\u00eda Silvia Andrade ha venido haciendo entrega de libros a NNA*, y Adultos mayores con el lema \u00abLeer transforma\u00bb. *Ni\u00f1os, ni\u00f1as y adolescentes.<\/p>\n","protected":false},"author":1,"featured_media":663,"comment_status":"open","ping_status":"open","sticky":false,"template":"","format":"standard","meta":{"footnotes":""},"categories":[4],"tags":[23,14,25,9],"class_list":["post-654","post","type-post","status-publish","format-standard","has-post-thumbnail","hentry","category-fundacion-maria-silvia-andrade","tag-leer-transforma","tag-masa","tag-ninas","tag-ninos"],"_links":{"self":[{"href":"https:\/\/fundacionmariasilviaandrade.net\/es\/wp-json\/wp\/v2\/posts\/654","targetHints":{"allow":["GET"]}}],"collection":[{"href":"https:\/\/fundacionmariasilviaandrade.net\/es\/wp-json\/wp\/v2\/posts"}],"about":[{"href":"https:\/\/fundacionmariasilviaandrade.net\/es\/wp-json\/wp\/v2\/types\/post"}],"author":[{"embeddable":true,"href":"https:\/\/fundacionmariasilviaandrade.net\/es\/wp-json\/wp\/v2\/users\/1"}],"replies":[{"embeddable":true,"href":"https:\/\/fundacionmariasilviaandrade.net\/es\/wp-json\/wp\/v2\/comments?post=654"}],"version-history":[{"count":4,"href":"https:\/\/fundacionmariasilviaandrade.net\/es\/wp-json\/wp\/v2\/posts\/654\/revisions"}],"predecessor-version":[{"id":669,"href":"https:\/\/fundacionmariasilviaandrade.net\/es\/wp-json\/wp\/v2\/posts\/654\/revisions\/669"}],"wp:featuredmedia":[{"embeddable":true,"href":"https:\/\/fundacionmariasilviaandrade.net\/es\/wp-json\/wp\/v2\/media\/663"}],"wp:attachment":[{"href":"https:\/\/fundacionmariasilviaandrade.net\/es\/wp-json\/wp\/v2\/media?parent=654"}],"wp:term":[{"taxonomy":"category","embeddable":true,"href":"https:\/\/fundacionmariasilviaandrade.net\/es\/wp-json\/wp\/v2\/categories?post=654"},{"taxonomy":"post_tag","embeddable":true,"href":"https:\/\/fundacionmariasilviaandrade.net\/es\/wp-json\/wp\/v2\/tags?post=654"}],"curies":[{"name":"wp","href":"https:\/\/api.w.org\/{rel}","templated":true}]}}