{"id":360,"date":"2021-05-05T20:46:49","date_gmt":"2021-05-06T01:46:49","guid":{"rendered":"https:\/\/fundacionmariasilviaandrade.net\/es\/?p=360"},"modified":"2021-05-26T23:46:46","modified_gmt":"2021-05-27T04:46:46","slug":"jornada-de-sensibilizacion-proyecto-habitantes-de-calle","status":"publish","type":"post","link":"https:\/\/fundacionmariasilviaandrade.net\/es\/jornada-de-sensibilizacion-proyecto-habitantes-de-calle\/","title":{"rendered":"Jornada de sensibilizaci\u00f3n &#8211; Proyecto Habitantes de Calle"},"content":{"rendered":"\n<p>La Fundaci\u00f3n Mar\u00eda Silvia Andrade, realiza jornada de sensibilizaci\u00f3n y generando conciencia, con los familiares de los habitantes de calle.<\/p>\n\n\n\n<p>Revisa nuestra galer\u00eda de im\u00e1genes.<\/p>\n\n\n\n<figure class=\"wp-block-gallery columns-3 is-cropped wp-block-gallery-1 is-layout-flex wp-block-gallery-is-layout-flex\"><ul class=\"blocks-gallery-grid\"><li class=\"blocks-gallery-item\"><figure><img loading=\"lazy\" decoding=\"async\" width=\"766\" height=\"1024\" src=\"https:\/\/fundacionmariasilviaandrade.net\/es\/wp-content\/uploads\/2021\/05\/FUMASA-766x1024.jpeg\" alt=\"\" data-id=\"361\" data-link=\"https:\/\/fundacionmariasilviaandrade.net\/es\/?attachment_id=361#main\" class=\"wp-image-361\" srcset=\"https:\/\/fundacionmariasilviaandrade.net\/es\/wp-content\/uploads\/2021\/05\/FUMASA-766x1024.jpeg 766w, https:\/\/fundacionmariasilviaandrade.net\/es\/wp-content\/uploads\/2021\/05\/FUMASA-225x300.jpeg 225w, https:\/\/fundacionmariasilviaandrade.net\/es\/wp-content\/uploads\/2021\/05\/FUMASA-768x1026.jpeg 768w, https:\/\/fundacionmariasilviaandrade.net\/es\/wp-content\/uploads\/2021\/05\/FUMASA.jpeg 958w\" sizes=\"auto, (max-width: 766px) 100vw, 766px\" \/><\/figure><\/li><li class=\"blocks-gallery-item\"><figure><img loading=\"lazy\" decoding=\"async\" width=\"768\" height=\"1024\" src=\"https:\/\/fundacionmariasilviaandrade.net\/es\/wp-content\/uploads\/2021\/05\/WhatsApp-Image-2021-05-05-at-2.27.12-PM-1-768x1024.jpeg\" alt=\"\" data-id=\"362\" data-link=\"https:\/\/fundacionmariasilviaandrade.net\/es\/?attachment_id=362#main\" class=\"wp-image-362\" srcset=\"https:\/\/fundacionmariasilviaandrade.net\/es\/wp-content\/uploads\/2021\/05\/WhatsApp-Image-2021-05-05-at-2.27.12-PM-1-768x1024.jpeg 768w, https:\/\/fundacionmariasilviaandrade.net\/es\/wp-content\/uploads\/2021\/05\/WhatsApp-Image-2021-05-05-at-2.27.12-PM-1-225x300.jpeg 225w, https:\/\/fundacionmariasilviaandrade.net\/es\/wp-content\/uploads\/2021\/05\/WhatsApp-Image-2021-05-05-at-2.27.12-PM-1.jpeg 780w\" sizes=\"auto, (max-width: 768px) 100vw, 768px\" \/><\/figure><\/li><li class=\"blocks-gallery-item\"><figure><img loading=\"lazy\" decoding=\"async\" width=\"1024\" height=\"576\" src=\"https:\/\/fundacionmariasilviaandrade.net\/es\/wp-content\/uploads\/2021\/05\/WhatsApp-Image-2021-05-05-at-2.27.12-PM-2-1024x576.jpeg\" alt=\"\" data-id=\"363\" data-link=\"https:\/\/fundacionmariasilviaandrade.net\/es\/?attachment_id=363#main\" class=\"wp-image-363\" srcset=\"https:\/\/fundacionmariasilviaandrade.net\/es\/wp-content\/uploads\/2021\/05\/WhatsApp-Image-2021-05-05-at-2.27.12-PM-2-1024x576.jpeg 1024w, https:\/\/fundacionmariasilviaandrade.net\/es\/wp-content\/uploads\/2021\/05\/WhatsApp-Image-2021-05-05-at-2.27.12-PM-2-300x169.jpeg 300w, https:\/\/fundacionmariasilviaandrade.net\/es\/wp-content\/uploads\/2021\/05\/WhatsApp-Image-2021-05-05-at-2.27.12-PM-2-768x432.jpeg 768w, https:\/\/fundacionmariasilviaandrade.net\/es\/wp-content\/uploads\/2021\/05\/WhatsApp-Image-2021-05-05-at-2.27.12-PM-2.jpeg 1280w\" sizes=\"auto, (max-width: 1024px) 100vw, 1024px\" \/><\/figure><\/li><li class=\"blocks-gallery-item\"><figure><img loading=\"lazy\" decoding=\"async\" width=\"1024\" height=\"768\" src=\"https:\/\/fundacionmariasilviaandrade.net\/es\/wp-content\/uploads\/2021\/05\/WhatsApp-Image-2021-05-05-at-2.27.12-PM-1024x768.jpeg\" alt=\"\" data-id=\"364\" data-link=\"https:\/\/fundacionmariasilviaandrade.net\/es\/?attachment_id=364#main\" class=\"wp-image-364\" srcset=\"https:\/\/fundacionmariasilviaandrade.net\/es\/wp-content\/uploads\/2021\/05\/WhatsApp-Image-2021-05-05-at-2.27.12-PM-1024x768.jpeg 1024w, https:\/\/fundacionmariasilviaandrade.net\/es\/wp-content\/uploads\/2021\/05\/WhatsApp-Image-2021-05-05-at-2.27.12-PM-300x225.jpeg 300w, https:\/\/fundacionmariasilviaandrade.net\/es\/wp-content\/uploads\/2021\/05\/WhatsApp-Image-2021-05-05-at-2.27.12-PM-768x576.jpeg 768w, https:\/\/fundacionmariasilviaandrade.net\/es\/wp-content\/uploads\/2021\/05\/WhatsApp-Image-2021-05-05-at-2.27.12-PM.jpeg 1040w\" sizes=\"auto, (max-width: 1024px) 100vw, 1024px\" \/><\/figure><\/li><li class=\"blocks-gallery-item\"><figure><img loading=\"lazy\" decoding=\"async\" width=\"576\" height=\"1024\" src=\"https:\/\/fundacionmariasilviaandrade.net\/es\/wp-content\/uploads\/2021\/05\/WhatsApp-Image-2021-05-05-at-2.27.13-PM-576x1024.jpeg\" alt=\"\" data-id=\"365\" data-link=\"https:\/\/fundacionmariasilviaandrade.net\/es\/?attachment_id=365#main\" class=\"wp-image-365\" srcset=\"https:\/\/fundacionmariasilviaandrade.net\/es\/wp-content\/uploads\/2021\/05\/WhatsApp-Image-2021-05-05-at-2.27.13-PM-576x1024.jpeg 576w, https:\/\/fundacionmariasilviaandrade.net\/es\/wp-content\/uploads\/2021\/05\/WhatsApp-Image-2021-05-05-at-2.27.13-PM-169x300.jpeg 169w, https:\/\/fundacionmariasilviaandrade.net\/es\/wp-content\/uploads\/2021\/05\/WhatsApp-Image-2021-05-05-at-2.27.13-PM.jpeg 720w\" sizes=\"auto, (max-width: 576px) 100vw, 576px\" \/><\/figure><\/li><li class=\"blocks-gallery-item\"><figure><img loading=\"lazy\" decoding=\"async\" width=\"1024\" height=\"683\" src=\"https:\/\/fundacionmariasilviaandrade.net\/es\/wp-content\/uploads\/2021\/05\/IMG_0818-1024x683.jpg\" alt=\"\" data-id=\"367\" data-full-url=\"https:\/\/fundacionmariasilviaandrade.net\/es\/wp-content\/uploads\/2021\/05\/IMG_0818-scaled.jpg\" data-link=\"https:\/\/fundacionmariasilviaandrade.net\/es\/jornada-de-sensibilizacion-proyecto-habitantes-de-calle\/img_0818\/#main\" class=\"wp-image-367\" srcset=\"https:\/\/fundacionmariasilviaandrade.net\/es\/wp-content\/uploads\/2021\/05\/IMG_0818-1024x683.jpg 1024w, https:\/\/fundacionmariasilviaandrade.net\/es\/wp-content\/uploads\/2021\/05\/IMG_0818-300x200.jpg 300w, https:\/\/fundacionmariasilviaandrade.net\/es\/wp-content\/uploads\/2021\/05\/IMG_0818-768x512.jpg 768w, https:\/\/fundacionmariasilviaandrade.net\/es\/wp-content\/uploads\/2021\/05\/IMG_0818-1536x1024.jpg 1536w, https:\/\/fundacionmariasilviaandrade.net\/es\/wp-content\/uploads\/2021\/05\/IMG_0818-2048x1365.jpg 2048w\" sizes=\"auto, (max-width: 1024px) 100vw, 1024px\" \/><\/figure><\/li><li class=\"blocks-gallery-item\"><figure><img loading=\"lazy\" decoding=\"async\" width=\"1024\" height=\"683\" src=\"https:\/\/fundacionmariasilviaandrade.net\/es\/wp-content\/uploads\/2021\/05\/IMG_0819-1024x683.jpg\" alt=\"\" data-id=\"369\" data-full-url=\"https:\/\/fundacionmariasilviaandrade.net\/es\/wp-content\/uploads\/2021\/05\/IMG_0819-scaled.jpg\" data-link=\"https:\/\/fundacionmariasilviaandrade.net\/es\/jornada-de-sensibilizacion-proyecto-habitantes-de-calle\/img_0819\/#main\" class=\"wp-image-369\" srcset=\"https:\/\/fundacionmariasilviaandrade.net\/es\/wp-content\/uploads\/2021\/05\/IMG_0819-1024x683.jpg 1024w, https:\/\/fundacionmariasilviaandrade.net\/es\/wp-content\/uploads\/2021\/05\/IMG_0819-300x200.jpg 300w, https:\/\/fundacionmariasilviaandrade.net\/es\/wp-content\/uploads\/2021\/05\/IMG_0819-768x512.jpg 768w, https:\/\/fundacionmariasilviaandrade.net\/es\/wp-content\/uploads\/2021\/05\/IMG_0819-1536x1024.jpg 1536w, https:\/\/fundacionmariasilviaandrade.net\/es\/wp-content\/uploads\/2021\/05\/IMG_0819-2048x1365.jpg 2048w\" sizes=\"auto, (max-width: 1024px) 100vw, 1024px\" \/><\/figure><\/li><li class=\"blocks-gallery-item\"><figure><img loading=\"lazy\" decoding=\"async\" width=\"1024\" height=\"683\" src=\"https:\/\/fundacionmariasilviaandrade.net\/es\/wp-content\/uploads\/2021\/05\/IMG_0820-1024x683.jpg\" alt=\"\" data-id=\"370\" data-full-url=\"https:\/\/fundacionmariasilviaandrade.net\/es\/wp-content\/uploads\/2021\/05\/IMG_0820-scaled.jpg\" data-link=\"https:\/\/fundacionmariasilviaandrade.net\/es\/jornada-de-sensibilizacion-proyecto-habitantes-de-calle\/img_0820\/#main\" class=\"wp-image-370\" srcset=\"https:\/\/fundacionmariasilviaandrade.net\/es\/wp-content\/uploads\/2021\/05\/IMG_0820-1024x683.jpg 1024w, https:\/\/fundacionmariasilviaandrade.net\/es\/wp-content\/uploads\/2021\/05\/IMG_0820-300x200.jpg 300w, https:\/\/fundacionmariasilviaandrade.net\/es\/wp-content\/uploads\/2021\/05\/IMG_0820-768x512.jpg 768w, https:\/\/fundacionmariasilviaandrade.net\/es\/wp-content\/uploads\/2021\/05\/IMG_0820-1536x1024.jpg 1536w, https:\/\/fundacionmariasilviaandrade.net\/es\/wp-content\/uploads\/2021\/05\/IMG_0820-2048x1365.jpg 2048w\" sizes=\"auto, (max-width: 1024px) 100vw, 1024px\" \/><\/figure><\/li><li class=\"blocks-gallery-item\"><figure><img loading=\"lazy\" decoding=\"async\" width=\"1024\" height=\"683\" src=\"https:\/\/fundacionmariasilviaandrade.net\/es\/wp-content\/uploads\/2021\/05\/IMG_0821-1024x683.jpg\" alt=\"\" data-id=\"371\" data-full-url=\"https:\/\/fundacionmariasilviaandrade.net\/es\/wp-content\/uploads\/2021\/05\/IMG_0821-scaled.jpg\" data-link=\"https:\/\/fundacionmariasilviaandrade.net\/es\/jornada-de-sensibilizacion-proyecto-habitantes-de-calle\/img_0821\/#main\" class=\"wp-image-371\" srcset=\"https:\/\/fundacionmariasilviaandrade.net\/es\/wp-content\/uploads\/2021\/05\/IMG_0821-1024x683.jpg 1024w, https:\/\/fundacionmariasilviaandrade.net\/es\/wp-content\/uploads\/2021\/05\/IMG_0821-300x200.jpg 300w, https:\/\/fundacionmariasilviaandrade.net\/es\/wp-content\/uploads\/2021\/05\/IMG_0821-768x512.jpg 768w, https:\/\/fundacionmariasilviaandrade.net\/es\/wp-content\/uploads\/2021\/05\/IMG_0821-1536x1024.jpg 1536w, https:\/\/fundacionmariasilviaandrade.net\/es\/wp-content\/uploads\/2021\/05\/IMG_0821-2048x1365.jpg 2048w\" sizes=\"auto, (max-width: 1024px) 100vw, 1024px\" \/><\/figure><\/li><li class=\"blocks-gallery-item\"><figure><img loading=\"lazy\" decoding=\"async\" width=\"1024\" height=\"683\" src=\"https:\/\/fundacionmariasilviaandrade.net\/es\/wp-content\/uploads\/2021\/05\/IMG_0822-1024x683.jpg\" alt=\"\" data-id=\"372\" data-full-url=\"https:\/\/fundacionmariasilviaandrade.net\/es\/wp-content\/uploads\/2021\/05\/IMG_0822-scaled.jpg\" data-link=\"https:\/\/fundacionmariasilviaandrade.net\/es\/jornada-de-sensibilizacion-proyecto-habitantes-de-calle\/img_0822\/#main\" class=\"wp-image-372\" srcset=\"https:\/\/fundacionmariasilviaandrade.net\/es\/wp-content\/uploads\/2021\/05\/IMG_0822-1024x683.jpg 1024w, https:\/\/fundacionmariasilviaandrade.net\/es\/wp-content\/uploads\/2021\/05\/IMG_0822-300x200.jpg 300w, https:\/\/fundacionmariasilviaandrade.net\/es\/wp-content\/uploads\/2021\/05\/IMG_0822-768x512.jpg 768w, https:\/\/fundacionmariasilviaandrade.net\/es\/wp-content\/uploads\/2021\/05\/IMG_0822-1536x1024.jpg 1536w, https:\/\/fundacionmariasilviaandrade.net\/es\/wp-content\/uploads\/2021\/05\/IMG_0822-2048x1365.jpg 2048w\" sizes=\"auto, (max-width: 1024px) 100vw, 1024px\" \/><\/figure><\/li><li class=\"blocks-gallery-item\"><figure><img loading=\"lazy\" decoding=\"async\" width=\"1024\" height=\"683\" src=\"https:\/\/fundacionmariasilviaandrade.net\/es\/wp-content\/uploads\/2021\/05\/IMG_0823-1024x683.jpg\" alt=\"\" data-id=\"373\" data-full-url=\"https:\/\/fundacionmariasilviaandrade.net\/es\/wp-content\/uploads\/2021\/05\/IMG_0823-scaled.jpg\" data-link=\"https:\/\/fundacionmariasilviaandrade.net\/es\/jornada-de-sensibilizacion-proyecto-habitantes-de-calle\/img_0823\/#main\" class=\"wp-image-373\" srcset=\"https:\/\/fundacionmariasilviaandrade.net\/es\/wp-content\/uploads\/2021\/05\/IMG_0823-1024x683.jpg 1024w, https:\/\/fundacionmariasilviaandrade.net\/es\/wp-content\/uploads\/2021\/05\/IMG_0823-300x200.jpg 300w, https:\/\/fundacionmariasilviaandrade.net\/es\/wp-content\/uploads\/2021\/05\/IMG_0823-768x512.jpg 768w, https:\/\/fundacionmariasilviaandrade.net\/es\/wp-content\/uploads\/2021\/05\/IMG_0823-1536x1024.jpg 1536w, https:\/\/fundacionmariasilviaandrade.net\/es\/wp-content\/uploads\/2021\/05\/IMG_0823-2048x1365.jpg 2048w\" sizes=\"auto, (max-width: 1024px) 100vw, 1024px\" \/><\/figure><\/li><li class=\"blocks-gallery-item\"><figure><img loading=\"lazy\" decoding=\"async\" width=\"1024\" height=\"683\" src=\"https:\/\/fundacionmariasilviaandrade.net\/es\/wp-content\/uploads\/2021\/05\/IMG_0824-1024x683.jpg\" alt=\"\" data-id=\"374\" data-full-url=\"https:\/\/fundacionmariasilviaandrade.net\/es\/wp-content\/uploads\/2021\/05\/IMG_0824-scaled.jpg\" data-link=\"https:\/\/fundacionmariasilviaandrade.net\/es\/jornada-de-sensibilizacion-proyecto-habitantes-de-calle\/img_0824\/#main\" class=\"wp-image-374\" srcset=\"https:\/\/fundacionmariasilviaandrade.net\/es\/wp-content\/uploads\/2021\/05\/IMG_0824-1024x683.jpg 1024w, https:\/\/fundacionmariasilviaandrade.net\/es\/wp-content\/uploads\/2021\/05\/IMG_0824-300x200.jpg 300w, https:\/\/fundacionmariasilviaandrade.net\/es\/wp-content\/uploads\/2021\/05\/IMG_0824-768x512.jpg 768w, https:\/\/fundacionmariasilviaandrade.net\/es\/wp-content\/uploads\/2021\/05\/IMG_0824-1536x1024.jpg 1536w, https:\/\/fundacionmariasilviaandrade.net\/es\/wp-content\/uploads\/2021\/05\/IMG_0824-2048x1365.jpg 2048w\" sizes=\"auto, (max-width: 1024px) 100vw, 1024px\" \/><\/figure><\/li><li class=\"blocks-gallery-item\"><figure><img loading=\"lazy\" decoding=\"async\" width=\"1024\" height=\"683\" src=\"https:\/\/fundacionmariasilviaandrade.net\/es\/wp-content\/uploads\/2021\/05\/IMG_0825-1024x683.jpg\" alt=\"\" data-id=\"375\" data-full-url=\"https:\/\/fundacionmariasilviaandrade.net\/es\/wp-content\/uploads\/2021\/05\/IMG_0825-scaled.jpg\" data-link=\"https:\/\/fundacionmariasilviaandrade.net\/es\/jornada-de-sensibilizacion-proyecto-habitantes-de-calle\/img_0825\/#main\" class=\"wp-image-375\" srcset=\"https:\/\/fundacionmariasilviaandrade.net\/es\/wp-content\/uploads\/2021\/05\/IMG_0825-1024x683.jpg 1024w, https:\/\/fundacionmariasilviaandrade.net\/es\/wp-content\/uploads\/2021\/05\/IMG_0825-300x200.jpg 300w, https:\/\/fundacionmariasilviaandrade.net\/es\/wp-content\/uploads\/2021\/05\/IMG_0825-768x512.jpg 768w, https:\/\/fundacionmariasilviaandrade.net\/es\/wp-content\/uploads\/2021\/05\/IMG_0825-1536x1024.jpg 1536w, https:\/\/fundacionmariasilviaandrade.net\/es\/wp-content\/uploads\/2021\/05\/IMG_0825-2048x1365.jpg 2048w\" sizes=\"auto, (max-width: 1024px) 100vw, 1024px\" \/><\/figure><\/li><li class=\"blocks-gallery-item\"><figure><img loading=\"lazy\" decoding=\"async\" width=\"1024\" height=\"683\" src=\"https:\/\/fundacionmariasilviaandrade.net\/es\/wp-content\/uploads\/2021\/05\/IMG_0826-1024x683.jpg\" alt=\"\" data-id=\"376\" data-full-url=\"https:\/\/fundacionmariasilviaandrade.net\/es\/wp-content\/uploads\/2021\/05\/IMG_0826-scaled.jpg\" data-link=\"https:\/\/fundacionmariasilviaandrade.net\/es\/jornada-de-sensibilizacion-proyecto-habitantes-de-calle\/img_0826\/#main\" class=\"wp-image-376\" srcset=\"https:\/\/fundacionmariasilviaandrade.net\/es\/wp-content\/uploads\/2021\/05\/IMG_0826-1024x683.jpg 1024w, https:\/\/fundacionmariasilviaandrade.net\/es\/wp-content\/uploads\/2021\/05\/IMG_0826-300x200.jpg 300w, https:\/\/fundacionmariasilviaandrade.net\/es\/wp-content\/uploads\/2021\/05\/IMG_0826-768x512.jpg 768w, https:\/\/fundacionmariasilviaandrade.net\/es\/wp-content\/uploads\/2021\/05\/IMG_0826-1536x1024.jpg 1536w, https:\/\/fundacionmariasilviaandrade.net\/es\/wp-content\/uploads\/2021\/05\/IMG_0826-2048x1365.jpg 2048w\" sizes=\"auto, (max-width: 1024px) 100vw, 1024px\" \/><\/figure><\/li><li class=\"blocks-gallery-item\"><figure><img loading=\"lazy\" decoding=\"async\" width=\"1024\" height=\"683\" src=\"https:\/\/fundacionmariasilviaandrade.net\/es\/wp-content\/uploads\/2021\/05\/IMG_0827-1024x683.jpg\" alt=\"\" data-id=\"377\" data-full-url=\"https:\/\/fundacionmariasilviaandrade.net\/es\/wp-content\/uploads\/2021\/05\/IMG_0827-scaled.jpg\" data-link=\"https:\/\/fundacionmariasilviaandrade.net\/es\/jornada-de-sensibilizacion-proyecto-habitantes-de-calle\/img_0827\/#main\" class=\"wp-image-377\" srcset=\"https:\/\/fundacionmariasilviaandrade.net\/es\/wp-content\/uploads\/2021\/05\/IMG_0827-1024x683.jpg 1024w, https:\/\/fundacionmariasilviaandrade.net\/es\/wp-content\/uploads\/2021\/05\/IMG_0827-300x200.jpg 300w, https:\/\/fundacionmariasilviaandrade.net\/es\/wp-content\/uploads\/2021\/05\/IMG_0827-768x512.jpg 768w, https:\/\/fundacionmariasilviaandrade.net\/es\/wp-content\/uploads\/2021\/05\/IMG_0827-1536x1024.jpg 1536w, https:\/\/fundacionmariasilviaandrade.net\/es\/wp-content\/uploads\/2021\/05\/IMG_0827-2048x1365.jpg 2048w\" sizes=\"auto, (max-width: 1024px) 100vw, 1024px\" \/><\/figure><\/li><li class=\"blocks-gallery-item\"><figure><img loading=\"lazy\" decoding=\"async\" width=\"1024\" height=\"683\" src=\"https:\/\/fundacionmariasilviaandrade.net\/es\/wp-content\/uploads\/2021\/05\/IMG_0828-1024x683.jpg\" alt=\"\" data-id=\"378\" data-full-url=\"https:\/\/fundacionmariasilviaandrade.net\/es\/wp-content\/uploads\/2021\/05\/IMG_0828-scaled.jpg\" data-link=\"https:\/\/fundacionmariasilviaandrade.net\/es\/jornada-de-sensibilizacion-proyecto-habitantes-de-calle\/img_0828\/#main\" class=\"wp-image-378\" srcset=\"https:\/\/fundacionmariasilviaandrade.net\/es\/wp-content\/uploads\/2021\/05\/IMG_0828-1024x683.jpg 1024w, https:\/\/fundacionmariasilviaandrade.net\/es\/wp-content\/uploads\/2021\/05\/IMG_0828-300x200.jpg 300w, https:\/\/fundacionmariasilviaandrade.net\/es\/wp-content\/uploads\/2021\/05\/IMG_0828-768x512.jpg 768w, https:\/\/fundacionmariasilviaandrade.net\/es\/wp-content\/uploads\/2021\/05\/IMG_0828-1536x1024.jpg 1536w, https:\/\/fundacionmariasilviaandrade.net\/es\/wp-content\/uploads\/2021\/05\/IMG_0828-2048x1365.jpg 2048w\" sizes=\"auto, (max-width: 1024px) 100vw, 1024px\" \/><\/figure><\/li><li class=\"blocks-gallery-item\"><figure><img loading=\"lazy\" decoding=\"async\" width=\"1024\" height=\"683\" src=\"https:\/\/fundacionmariasilviaandrade.net\/es\/wp-content\/uploads\/2021\/05\/IMG_0829-1024x683.jpg\" alt=\"\" data-id=\"379\" data-full-url=\"https:\/\/fundacionmariasilviaandrade.net\/es\/wp-content\/uploads\/2021\/05\/IMG_0829-scaled.jpg\" data-link=\"https:\/\/fundacionmariasilviaandrade.net\/es\/jornada-de-sensibilizacion-proyecto-habitantes-de-calle\/img_0829\/#main\" class=\"wp-image-379\" srcset=\"https:\/\/fundacionmariasilviaandrade.net\/es\/wp-content\/uploads\/2021\/05\/IMG_0829-1024x683.jpg 1024w, https:\/\/fundacionmariasilviaandrade.net\/es\/wp-content\/uploads\/2021\/05\/IMG_0829-300x200.jpg 300w, https:\/\/fundacionmariasilviaandrade.net\/es\/wp-content\/uploads\/2021\/05\/IMG_0829-768x512.jpg 768w, https:\/\/fundacionmariasilviaandrade.net\/es\/wp-content\/uploads\/2021\/05\/IMG_0829-1536x1024.jpg 1536w, https:\/\/fundacionmariasilviaandrade.net\/es\/wp-content\/uploads\/2021\/05\/IMG_0829-2048x1365.jpg 2048w\" sizes=\"auto, (max-width: 1024px) 100vw, 1024px\" \/><\/figure><\/li><li class=\"blocks-gallery-item\"><figure><img loading=\"lazy\" decoding=\"async\" width=\"1024\" height=\"683\" src=\"https:\/\/fundacionmariasilviaandrade.net\/es\/wp-content\/uploads\/2021\/05\/IMG_0830-1024x683.jpg\" alt=\"\" data-id=\"380\" data-full-url=\"https:\/\/fundacionmariasilviaandrade.net\/es\/wp-content\/uploads\/2021\/05\/IMG_0830-scaled.jpg\" data-link=\"https:\/\/fundacionmariasilviaandrade.net\/es\/jornada-de-sensibilizacion-proyecto-habitantes-de-calle\/img_0830\/#main\" class=\"wp-image-380\" srcset=\"https:\/\/fundacionmariasilviaandrade.net\/es\/wp-content\/uploads\/2021\/05\/IMG_0830-1024x683.jpg 1024w, https:\/\/fundacionmariasilviaandrade.net\/es\/wp-content\/uploads\/2021\/05\/IMG_0830-300x200.jpg 300w, https:\/\/fundacionmariasilviaandrade.net\/es\/wp-content\/uploads\/2021\/05\/IMG_0830-768x512.jpg 768w, https:\/\/fundacionmariasilviaandrade.net\/es\/wp-content\/uploads\/2021\/05\/IMG_0830-1536x1024.jpg 1536w, https:\/\/fundacionmariasilviaandrade.net\/es\/wp-content\/uploads\/2021\/05\/IMG_0830-2048x1365.jpg 2048w\" sizes=\"auto, (max-width: 1024px) 100vw, 1024px\" \/><\/figure><\/li><li class=\"blocks-gallery-item\"><figure><img loading=\"lazy\" decoding=\"async\" width=\"1024\" height=\"683\" src=\"https:\/\/fundacionmariasilviaandrade.net\/es\/wp-content\/uploads\/2021\/05\/IMG_0831-1024x683.jpg\" alt=\"\" data-id=\"381\" data-full-url=\"https:\/\/fundacionmariasilviaandrade.net\/es\/wp-content\/uploads\/2021\/05\/IMG_0831-scaled.jpg\" data-link=\"https:\/\/fundacionmariasilviaandrade.net\/es\/jornada-de-sensibilizacion-proyecto-habitantes-de-calle\/img_0831\/#main\" class=\"wp-image-381\" srcset=\"https:\/\/fundacionmariasilviaandrade.net\/es\/wp-content\/uploads\/2021\/05\/IMG_0831-1024x683.jpg 1024w, https:\/\/fundacionmariasilviaandrade.net\/es\/wp-content\/uploads\/2021\/05\/IMG_0831-300x200.jpg 300w, https:\/\/fundacionmariasilviaandrade.net\/es\/wp-content\/uploads\/2021\/05\/IMG_0831-768x512.jpg 768w, https:\/\/fundacionmariasilviaandrade.net\/es\/wp-content\/uploads\/2021\/05\/IMG_0831-1536x1024.jpg 1536w, https:\/\/fundacionmariasilviaandrade.net\/es\/wp-content\/uploads\/2021\/05\/IMG_0831-2048x1365.jpg 2048w\" sizes=\"auto, (max-width: 1024px) 100vw, 1024px\" \/><\/figure><\/li><li class=\"blocks-gallery-item\"><figure><img loading=\"lazy\" decoding=\"async\" width=\"1024\" height=\"683\" src=\"https:\/\/fundacionmariasilviaandrade.net\/es\/wp-content\/uploads\/2021\/05\/IMG_0832-1024x683.jpg\" alt=\"\" data-id=\"382\" data-full-url=\"https:\/\/fundacionmariasilviaandrade.net\/es\/wp-content\/uploads\/2021\/05\/IMG_0832-scaled.jpg\" data-link=\"https:\/\/fundacionmariasilviaandrade.net\/es\/jornada-de-sensibilizacion-proyecto-habitantes-de-calle\/img_0832\/#main\" class=\"wp-image-382\" srcset=\"https:\/\/fundacionmariasilviaandrade.net\/es\/wp-content\/uploads\/2021\/05\/IMG_0832-1024x683.jpg 1024w, https:\/\/fundacionmariasilviaandrade.net\/es\/wp-content\/uploads\/2021\/05\/IMG_0832-300x200.jpg 300w, https:\/\/fundacionmariasilviaandrade.net\/es\/wp-content\/uploads\/2021\/05\/IMG_0832-768x512.jpg 768w, https:\/\/fundacionmariasilviaandrade.net\/es\/wp-content\/uploads\/2021\/05\/IMG_0832-1536x1024.jpg 1536w, https:\/\/fundacionmariasilviaandrade.net\/es\/wp-content\/uploads\/2021\/05\/IMG_0832-2048x1365.jpg 2048w\" sizes=\"auto, (max-width: 1024px) 100vw, 1024px\" \/><\/figure><\/li><li class=\"blocks-gallery-item\"><figure><img loading=\"lazy\" decoding=\"async\" width=\"1024\" height=\"683\" src=\"https:\/\/fundacionmariasilviaandrade.net\/es\/wp-content\/uploads\/2021\/05\/IMG_0833-1024x683.jpg\" alt=\"\" data-id=\"383\" data-full-url=\"https:\/\/fundacionmariasilviaandrade.net\/es\/wp-content\/uploads\/2021\/05\/IMG_0833-scaled.jpg\" data-link=\"https:\/\/fundacionmariasilviaandrade.net\/es\/jornada-de-sensibilizacion-proyecto-habitantes-de-calle\/img_0833\/#main\" class=\"wp-image-383\" srcset=\"https:\/\/fundacionmariasilviaandrade.net\/es\/wp-content\/uploads\/2021\/05\/IMG_0833-1024x683.jpg 1024w, https:\/\/fundacionmariasilviaandrade.net\/es\/wp-content\/uploads\/2021\/05\/IMG_0833-300x200.jpg 300w, https:\/\/fundacionmariasilviaandrade.net\/es\/wp-content\/uploads\/2021\/05\/IMG_0833-768x512.jpg 768w, https:\/\/fundacionmariasilviaandrade.net\/es\/wp-content\/uploads\/2021\/05\/IMG_0833-1536x1024.jpg 1536w, https:\/\/fundacionmariasilviaandrade.net\/es\/wp-content\/uploads\/2021\/05\/IMG_0833-2048x1365.jpg 2048w\" sizes=\"auto, (max-width: 1024px) 100vw, 1024px\" \/><\/figure><\/li><li class=\"blocks-gallery-item\"><figure><img loading=\"lazy\" decoding=\"async\" width=\"1024\" height=\"683\" src=\"https:\/\/fundacionmariasilviaandrade.net\/es\/wp-content\/uploads\/2021\/05\/IMG_0834-1024x683.jpg\" alt=\"\" data-id=\"384\" data-full-url=\"https:\/\/fundacionmariasilviaandrade.net\/es\/wp-content\/uploads\/2021\/05\/IMG_0834-scaled.jpg\" data-link=\"https:\/\/fundacionmariasilviaandrade.net\/es\/jornada-de-sensibilizacion-proyecto-habitantes-de-calle\/img_0834\/#main\" class=\"wp-image-384\" srcset=\"https:\/\/fundacionmariasilviaandrade.net\/es\/wp-content\/uploads\/2021\/05\/IMG_0834-1024x683.jpg 1024w, https:\/\/fundacionmariasilviaandrade.net\/es\/wp-content\/uploads\/2021\/05\/IMG_0834-300x200.jpg 300w, https:\/\/fundacionmariasilviaandrade.net\/es\/wp-content\/uploads\/2021\/05\/IMG_0834-768x512.jpg 768w, https:\/\/fundacionmariasilviaandrade.net\/es\/wp-content\/uploads\/2021\/05\/IMG_0834-1536x1024.jpg 1536w, https:\/\/fundacionmariasilviaandrade.net\/es\/wp-content\/uploads\/2021\/05\/IMG_0834-2048x1365.jpg 2048w\" sizes=\"auto, (max-width: 1024px) 100vw, 1024px\" \/><\/figure><\/li><li class=\"blocks-gallery-item\"><figure><img loading=\"lazy\" decoding=\"async\" width=\"1024\" height=\"683\" src=\"https:\/\/fundacionmariasilviaandrade.net\/es\/wp-content\/uploads\/2021\/05\/IMG_0835-1024x683.jpg\" alt=\"\" data-id=\"385\" data-full-url=\"https:\/\/fundacionmariasilviaandrade.net\/es\/wp-content\/uploads\/2021\/05\/IMG_0835-scaled.jpg\" data-link=\"https:\/\/fundacionmariasilviaandrade.net\/es\/jornada-de-sensibilizacion-proyecto-habitantes-de-calle\/img_0835\/#main\" class=\"wp-image-385\" srcset=\"https:\/\/fundacionmariasilviaandrade.net\/es\/wp-content\/uploads\/2021\/05\/IMG_0835-1024x683.jpg 1024w, https:\/\/fundacionmariasilviaandrade.net\/es\/wp-content\/uploads\/2021\/05\/IMG_0835-300x200.jpg 300w, https:\/\/fundacionmariasilviaandrade.net\/es\/wp-content\/uploads\/2021\/05\/IMG_0835-768x512.jpg 768w, https:\/\/fundacionmariasilviaandrade.net\/es\/wp-content\/uploads\/2021\/05\/IMG_0835-1536x1024.jpg 1536w, https:\/\/fundacionmariasilviaandrade.net\/es\/wp-content\/uploads\/2021\/05\/IMG_0835-2048x1365.jpg 2048w\" sizes=\"auto, (max-width: 1024px) 100vw, 1024px\" \/><\/figure><\/li><li class=\"blocks-gallery-item\"><figure><img loading=\"lazy\" decoding=\"async\" width=\"1024\" height=\"683\" src=\"https:\/\/fundacionmariasilviaandrade.net\/es\/wp-content\/uploads\/2021\/05\/IMG_0836-1024x683.jpg\" alt=\"\" data-id=\"386\" data-full-url=\"https:\/\/fundacionmariasilviaandrade.net\/es\/wp-content\/uploads\/2021\/05\/IMG_0836-scaled.jpg\" data-link=\"https:\/\/fundacionmariasilviaandrade.net\/es\/jornada-de-sensibilizacion-proyecto-habitantes-de-calle\/img_0836\/#main\" class=\"wp-image-386\" srcset=\"https:\/\/fundacionmariasilviaandrade.net\/es\/wp-content\/uploads\/2021\/05\/IMG_0836-1024x683.jpg 1024w, https:\/\/fundacionmariasilviaandrade.net\/es\/wp-content\/uploads\/2021\/05\/IMG_0836-300x200.jpg 300w, https:\/\/fundacionmariasilviaandrade.net\/es\/wp-content\/uploads\/2021\/05\/IMG_0836-768x512.jpg 768w, https:\/\/fundacionmariasilviaandrade.net\/es\/wp-content\/uploads\/2021\/05\/IMG_0836-1536x1024.jpg 1536w, https:\/\/fundacionmariasilviaandrade.net\/es\/wp-content\/uploads\/2021\/05\/IMG_0836-2048x1365.jpg 2048w\" sizes=\"auto, (max-width: 1024px) 100vw, 1024px\" \/><\/figure><\/li><li class=\"blocks-gallery-item\"><figure><img loading=\"lazy\" decoding=\"async\" width=\"1024\" height=\"683\" src=\"https:\/\/fundacionmariasilviaandrade.net\/es\/wp-content\/uploads\/2021\/05\/IMG_0837-1024x683.jpg\" alt=\"\" data-id=\"387\" data-full-url=\"https:\/\/fundacionmariasilviaandrade.net\/es\/wp-content\/uploads\/2021\/05\/IMG_0837-scaled.jpg\" data-link=\"https:\/\/fundacionmariasilviaandrade.net\/es\/jornada-de-sensibilizacion-proyecto-habitantes-de-calle\/img_0837\/#main\" class=\"wp-image-387\" srcset=\"https:\/\/fundacionmariasilviaandrade.net\/es\/wp-content\/uploads\/2021\/05\/IMG_0837-1024x683.jpg 1024w, https:\/\/fundacionmariasilviaandrade.net\/es\/wp-content\/uploads\/2021\/05\/IMG_0837-300x200.jpg 300w, https:\/\/fundacionmariasilviaandrade.net\/es\/wp-content\/uploads\/2021\/05\/IMG_0837-768x512.jpg 768w, https:\/\/fundacionmariasilviaandrade.net\/es\/wp-content\/uploads\/2021\/05\/IMG_0837-1536x1024.jpg 1536w, https:\/\/fundacionmariasilviaandrade.net\/es\/wp-content\/uploads\/2021\/05\/IMG_0837-2048x1365.jpg 2048w\" sizes=\"auto, (max-width: 1024px) 100vw, 1024px\" \/><\/figure><\/li><li class=\"blocks-gallery-item\"><figure><img loading=\"lazy\" decoding=\"async\" width=\"1024\" height=\"683\" src=\"https:\/\/fundacionmariasilviaandrade.net\/es\/wp-content\/uploads\/2021\/05\/IMG_0838-1024x683.jpg\" alt=\"\" data-id=\"388\" data-full-url=\"https:\/\/fundacionmariasilviaandrade.net\/es\/wp-content\/uploads\/2021\/05\/IMG_0838-scaled.jpg\" data-link=\"https:\/\/fundacionmariasilviaandrade.net\/es\/jornada-de-sensibilizacion-proyecto-habitantes-de-calle\/img_0838\/#main\" class=\"wp-image-388\" srcset=\"https:\/\/fundacionmariasilviaandrade.net\/es\/wp-content\/uploads\/2021\/05\/IMG_0838-1024x683.jpg 1024w, https:\/\/fundacionmariasilviaandrade.net\/es\/wp-content\/uploads\/2021\/05\/IMG_0838-300x200.jpg 300w, https:\/\/fundacionmariasilviaandrade.net\/es\/wp-content\/uploads\/2021\/05\/IMG_0838-768x512.jpg 768w, https:\/\/fundacionmariasilviaandrade.net\/es\/wp-content\/uploads\/2021\/05\/IMG_0838-1536x1024.jpg 1536w, https:\/\/fundacionmariasilviaandrade.net\/es\/wp-content\/uploads\/2021\/05\/IMG_0838-2048x1365.jpg 2048w\" sizes=\"auto, (max-width: 1024px) 100vw, 1024px\" \/><\/figure><\/li><li class=\"blocks-gallery-item\"><figure><img loading=\"lazy\" decoding=\"async\" width=\"1024\" height=\"683\" src=\"https:\/\/fundacionmariasilviaandrade.net\/es\/wp-content\/uploads\/2021\/05\/IMG_0839-1024x683.jpg\" alt=\"\" data-id=\"389\" data-full-url=\"https:\/\/fundacionmariasilviaandrade.net\/es\/wp-content\/uploads\/2021\/05\/IMG_0839-scaled.jpg\" data-link=\"https:\/\/fundacionmariasilviaandrade.net\/es\/jornada-de-sensibilizacion-proyecto-habitantes-de-calle\/img_0839\/#main\" class=\"wp-image-389\" srcset=\"https:\/\/fundacionmariasilviaandrade.net\/es\/wp-content\/uploads\/2021\/05\/IMG_0839-1024x683.jpg 1024w, https:\/\/fundacionmariasilviaandrade.net\/es\/wp-content\/uploads\/2021\/05\/IMG_0839-300x200.jpg 300w, https:\/\/fundacionmariasilviaandrade.net\/es\/wp-content\/uploads\/2021\/05\/IMG_0839-768x512.jpg 768w, https:\/\/fundacionmariasilviaandrade.net\/es\/wp-content\/uploads\/2021\/05\/IMG_0839-1536x1024.jpg 1536w, https:\/\/fundacionmariasilviaandrade.net\/es\/wp-content\/uploads\/2021\/05\/IMG_0839-2048x1365.jpg 2048w\" sizes=\"auto, (max-width: 1024px) 100vw, 1024px\" \/><\/figure><\/li><li class=\"blocks-gallery-item\"><figure><img loading=\"lazy\" decoding=\"async\" width=\"1024\" height=\"683\" src=\"https:\/\/fundacionmariasilviaandrade.net\/es\/wp-content\/uploads\/2021\/05\/IMG_0841-1024x683.jpg\" alt=\"\" data-id=\"390\" data-full-url=\"https:\/\/fundacionmariasilviaandrade.net\/es\/wp-content\/uploads\/2021\/05\/IMG_0841-scaled.jpg\" data-link=\"https:\/\/fundacionmariasilviaandrade.net\/es\/jornada-de-sensibilizacion-proyecto-habitantes-de-calle\/img_0841\/#main\" class=\"wp-image-390\" srcset=\"https:\/\/fundacionmariasilviaandrade.net\/es\/wp-content\/uploads\/2021\/05\/IMG_0841-1024x683.jpg 1024w, https:\/\/fundacionmariasilviaandrade.net\/es\/wp-content\/uploads\/2021\/05\/IMG_0841-300x200.jpg 300w, https:\/\/fundacionmariasilviaandrade.net\/es\/wp-content\/uploads\/2021\/05\/IMG_0841-768x512.jpg 768w, https:\/\/fundacionmariasilviaandrade.net\/es\/wp-content\/uploads\/2021\/05\/IMG_0841-1536x1024.jpg 1536w, https:\/\/fundacionmariasilviaandrade.net\/es\/wp-content\/uploads\/2021\/05\/IMG_0841-2048x1365.jpg 2048w\" sizes=\"auto, (max-width: 1024px) 100vw, 1024px\" \/><\/figure><\/li><li class=\"blocks-gallery-item\"><figure><img loading=\"lazy\" decoding=\"async\" width=\"1024\" height=\"683\" src=\"https:\/\/fundacionmariasilviaandrade.net\/es\/wp-content\/uploads\/2021\/05\/IMG_0842-1024x683.jpg\" alt=\"\" data-id=\"391\" data-full-url=\"https:\/\/fundacionmariasilviaandrade.net\/es\/wp-content\/uploads\/2021\/05\/IMG_0842-scaled.jpg\" data-link=\"https:\/\/fundacionmariasilviaandrade.net\/es\/jornada-de-sensibilizacion-proyecto-habitantes-de-calle\/img_0842\/#main\" class=\"wp-image-391\" srcset=\"https:\/\/fundacionmariasilviaandrade.net\/es\/wp-content\/uploads\/2021\/05\/IMG_0842-1024x683.jpg 1024w, https:\/\/fundacionmariasilviaandrade.net\/es\/wp-content\/uploads\/2021\/05\/IMG_0842-300x200.jpg 300w, https:\/\/fundacionmariasilviaandrade.net\/es\/wp-content\/uploads\/2021\/05\/IMG_0842-768x512.jpg 768w, https:\/\/fundacionmariasilviaandrade.net\/es\/wp-content\/uploads\/2021\/05\/IMG_0842-1536x1024.jpg 1536w, https:\/\/fundacionmariasilviaandrade.net\/es\/wp-content\/uploads\/2021\/05\/IMG_0842-2048x1365.jpg 2048w\" sizes=\"auto, (max-width: 1024px) 100vw, 1024px\" \/><\/figure><\/li><li class=\"blocks-gallery-item\"><figure><img loading=\"lazy\" decoding=\"async\" width=\"1024\" height=\"683\" src=\"https:\/\/fundacionmariasilviaandrade.net\/es\/wp-content\/uploads\/2021\/05\/IMG_0844-1024x683.jpg\" alt=\"\" data-id=\"392\" data-full-url=\"https:\/\/fundacionmariasilviaandrade.net\/es\/wp-content\/uploads\/2021\/05\/IMG_0844-scaled.jpg\" data-link=\"https:\/\/fundacionmariasilviaandrade.net\/es\/jornada-de-sensibilizacion-proyecto-habitantes-de-calle\/img_0844\/#main\" class=\"wp-image-392\" srcset=\"https:\/\/fundacionmariasilviaandrade.net\/es\/wp-content\/uploads\/2021\/05\/IMG_0844-1024x683.jpg 1024w, https:\/\/fundacionmariasilviaandrade.net\/es\/wp-content\/uploads\/2021\/05\/IMG_0844-300x200.jpg 300w, https:\/\/fundacionmariasilviaandrade.net\/es\/wp-content\/uploads\/2021\/05\/IMG_0844-768x512.jpg 768w, https:\/\/fundacionmariasilviaandrade.net\/es\/wp-content\/uploads\/2021\/05\/IMG_0844-1536x1024.jpg 1536w, https:\/\/fundacionmariasilviaandrade.net\/es\/wp-content\/uploads\/2021\/05\/IMG_0844-2048x1365.jpg 2048w\" sizes=\"auto, (max-width: 1024px) 100vw, 1024px\" \/><\/figure><\/li><li class=\"blocks-gallery-item\"><figure><img loading=\"lazy\" decoding=\"async\" width=\"1024\" height=\"683\" src=\"https:\/\/fundacionmariasilviaandrade.net\/es\/wp-content\/uploads\/2021\/05\/IMG_0845-1024x683.jpg\" alt=\"\" data-id=\"393\" data-full-url=\"https:\/\/fundacionmariasilviaandrade.net\/es\/wp-content\/uploads\/2021\/05\/IMG_0845-scaled.jpg\" data-link=\"https:\/\/fundacionmariasilviaandrade.net\/es\/jornada-de-sensibilizacion-proyecto-habitantes-de-calle\/img_0845\/#main\" class=\"wp-image-393\" srcset=\"https:\/\/fundacionmariasilviaandrade.net\/es\/wp-content\/uploads\/2021\/05\/IMG_0845-1024x683.jpg 1024w, https:\/\/fundacionmariasilviaandrade.net\/es\/wp-content\/uploads\/2021\/05\/IMG_0845-300x200.jpg 300w, https:\/\/fundacionmariasilviaandrade.net\/es\/wp-content\/uploads\/2021\/05\/IMG_0845-768x512.jpg 768w, https:\/\/fundacionmariasilviaandrade.net\/es\/wp-content\/uploads\/2021\/05\/IMG_0845-1536x1024.jpg 1536w, https:\/\/fundacionmariasilviaandrade.net\/es\/wp-content\/uploads\/2021\/05\/IMG_0845-2048x1365.jpg 2048w\" sizes=\"auto, (max-width: 1024px) 100vw, 1024px\" \/><\/figure><\/li><li class=\"blocks-gallery-item\"><figure><img loading=\"lazy\" decoding=\"async\" width=\"1024\" height=\"683\" src=\"https:\/\/fundacionmariasilviaandrade.net\/es\/wp-content\/uploads\/2021\/05\/IMG_0846-1024x683.jpg\" alt=\"\" data-id=\"394\" data-full-url=\"https:\/\/fundacionmariasilviaandrade.net\/es\/wp-content\/uploads\/2021\/05\/IMG_0846-scaled.jpg\" data-link=\"https:\/\/fundacionmariasilviaandrade.net\/es\/jornada-de-sensibilizacion-proyecto-habitantes-de-calle\/img_0846\/#main\" class=\"wp-image-394\" srcset=\"https:\/\/fundacionmariasilviaandrade.net\/es\/wp-content\/uploads\/2021\/05\/IMG_0846-1024x683.jpg 1024w, https:\/\/fundacionmariasilviaandrade.net\/es\/wp-content\/uploads\/2021\/05\/IMG_0846-300x200.jpg 300w, https:\/\/fundacionmariasilviaandrade.net\/es\/wp-content\/uploads\/2021\/05\/IMG_0846-768x512.jpg 768w, https:\/\/fundacionmariasilviaandrade.net\/es\/wp-content\/uploads\/2021\/05\/IMG_0846-1536x1024.jpg 1536w, https:\/\/fundacionmariasilviaandrade.net\/es\/wp-content\/uploads\/2021\/05\/IMG_0846-2048x1365.jpg 2048w\" sizes=\"auto, (max-width: 1024px) 100vw, 1024px\" \/><\/figure><\/li><li class=\"blocks-gallery-item\"><figure><img loading=\"lazy\" decoding=\"async\" width=\"1024\" height=\"683\" src=\"https:\/\/fundacionmariasilviaandrade.net\/es\/wp-content\/uploads\/2021\/05\/IMG_0847-1024x683.jpg\" alt=\"\" data-id=\"395\" data-full-url=\"https:\/\/fundacionmariasilviaandrade.net\/es\/wp-content\/uploads\/2021\/05\/IMG_0847-scaled.jpg\" data-link=\"https:\/\/fundacionmariasilviaandrade.net\/es\/jornada-de-sensibilizacion-proyecto-habitantes-de-calle\/img_0847\/#main\" class=\"wp-image-395\" srcset=\"https:\/\/fundacionmariasilviaandrade.net\/es\/wp-content\/uploads\/2021\/05\/IMG_0847-1024x683.jpg 1024w, https:\/\/fundacionmariasilviaandrade.net\/es\/wp-content\/uploads\/2021\/05\/IMG_0847-300x200.jpg 300w, https:\/\/fundacionmariasilviaandrade.net\/es\/wp-content\/uploads\/2021\/05\/IMG_0847-768x512.jpg 768w, https:\/\/fundacionmariasilviaandrade.net\/es\/wp-content\/uploads\/2021\/05\/IMG_0847-1536x1024.jpg 1536w, https:\/\/fundacionmariasilviaandrade.net\/es\/wp-content\/uploads\/2021\/05\/IMG_0847-2048x1365.jpg 2048w\" sizes=\"auto, (max-width: 1024px) 100vw, 1024px\" \/><\/figure><\/li><li class=\"blocks-gallery-item\"><figure><img loading=\"lazy\" decoding=\"async\" width=\"1024\" height=\"683\" src=\"https:\/\/fundacionmariasilviaandrade.net\/es\/wp-content\/uploads\/2021\/05\/IMG_0848-1024x683.jpg\" alt=\"\" data-id=\"396\" data-full-url=\"https:\/\/fundacionmariasilviaandrade.net\/es\/wp-content\/uploads\/2021\/05\/IMG_0848-scaled.jpg\" data-link=\"https:\/\/fundacionmariasilviaandrade.net\/es\/jornada-de-sensibilizacion-proyecto-habitantes-de-calle\/img_0848\/#main\" class=\"wp-image-396\" srcset=\"https:\/\/fundacionmariasilviaandrade.net\/es\/wp-content\/uploads\/2021\/05\/IMG_0848-1024x683.jpg 1024w, https:\/\/fundacionmariasilviaandrade.net\/es\/wp-content\/uploads\/2021\/05\/IMG_0848-300x200.jpg 300w, https:\/\/fundacionmariasilviaandrade.net\/es\/wp-content\/uploads\/2021\/05\/IMG_0848-768x512.jpg 768w, https:\/\/fundacionmariasilviaandrade.net\/es\/wp-content\/uploads\/2021\/05\/IMG_0848-1536x1024.jpg 1536w, https:\/\/fundacionmariasilviaandrade.net\/es\/wp-content\/uploads\/2021\/05\/IMG_0848-2048x1365.jpg 2048w\" sizes=\"auto, (max-width: 1024px) 100vw, 1024px\" \/><\/figure><\/li><li class=\"blocks-gallery-item\"><figure><img loading=\"lazy\" decoding=\"async\" width=\"1024\" height=\"683\" src=\"https:\/\/fundacionmariasilviaandrade.net\/es\/wp-content\/uploads\/2021\/05\/IMG_0849-1024x683.jpg\" alt=\"\" data-id=\"397\" data-full-url=\"https:\/\/fundacionmariasilviaandrade.net\/es\/wp-content\/uploads\/2021\/05\/IMG_0849-scaled.jpg\" data-link=\"https:\/\/fundacionmariasilviaandrade.net\/es\/jornada-de-sensibilizacion-proyecto-habitantes-de-calle\/img_0849\/#main\" class=\"wp-image-397\" srcset=\"https:\/\/fundacionmariasilviaandrade.net\/es\/wp-content\/uploads\/2021\/05\/IMG_0849-1024x683.jpg 1024w, https:\/\/fundacionmariasilviaandrade.net\/es\/wp-content\/uploads\/2021\/05\/IMG_0849-300x200.jpg 300w, https:\/\/fundacionmariasilviaandrade.net\/es\/wp-content\/uploads\/2021\/05\/IMG_0849-768x512.jpg 768w, https:\/\/fundacionmariasilviaandrade.net\/es\/wp-content\/uploads\/2021\/05\/IMG_0849-1536x1024.jpg 1536w, https:\/\/fundacionmariasilviaandrade.net\/es\/wp-content\/uploads\/2021\/05\/IMG_0849-2048x1365.jpg 2048w\" sizes=\"auto, (max-width: 1024px) 100vw, 1024px\" \/><\/figure><\/li><li class=\"blocks-gallery-item\"><figure><img loading=\"lazy\" decoding=\"async\" width=\"1024\" height=\"683\" src=\"https:\/\/fundacionmariasilviaandrade.net\/es\/wp-content\/uploads\/2021\/05\/IMG_0850-1024x683.jpg\" alt=\"\" data-id=\"398\" data-full-url=\"https:\/\/fundacionmariasilviaandrade.net\/es\/wp-content\/uploads\/2021\/05\/IMG_0850-scaled.jpg\" data-link=\"https:\/\/fundacionmariasilviaandrade.net\/es\/jornada-de-sensibilizacion-proyecto-habitantes-de-calle\/img_0850\/#main\" class=\"wp-image-398\" srcset=\"https:\/\/fundacionmariasilviaandrade.net\/es\/wp-content\/uploads\/2021\/05\/IMG_0850-1024x683.jpg 1024w, https:\/\/fundacionmariasilviaandrade.net\/es\/wp-content\/uploads\/2021\/05\/IMG_0850-300x200.jpg 300w, https:\/\/fundacionmariasilviaandrade.net\/es\/wp-content\/uploads\/2021\/05\/IMG_0850-768x512.jpg 768w, https:\/\/fundacionmariasilviaandrade.net\/es\/wp-content\/uploads\/2021\/05\/IMG_0850-1536x1024.jpg 1536w, https:\/\/fundacionmariasilviaandrade.net\/es\/wp-content\/uploads\/2021\/05\/IMG_0850-2048x1365.jpg 2048w\" sizes=\"auto, (max-width: 1024px) 100vw, 1024px\" \/><\/figure><\/li><li class=\"blocks-gallery-item\"><figure><img loading=\"lazy\" decoding=\"async\" width=\"1024\" height=\"683\" src=\"https:\/\/fundacionmariasilviaandrade.net\/es\/wp-content\/uploads\/2021\/05\/IMG_0851-1024x683.jpg\" alt=\"\" data-id=\"399\" data-full-url=\"https:\/\/fundacionmariasilviaandrade.net\/es\/wp-content\/uploads\/2021\/05\/IMG_0851-scaled.jpg\" data-link=\"https:\/\/fundacionmariasilviaandrade.net\/es\/jornada-de-sensibilizacion-proyecto-habitantes-de-calle\/img_0851\/#main\" class=\"wp-image-399\" srcset=\"https:\/\/fundacionmariasilviaandrade.net\/es\/wp-content\/uploads\/2021\/05\/IMG_0851-1024x683.jpg 1024w, https:\/\/fundacionmariasilviaandrade.net\/es\/wp-content\/uploads\/2021\/05\/IMG_0851-300x200.jpg 300w, https:\/\/fundacionmariasilviaandrade.net\/es\/wp-content\/uploads\/2021\/05\/IMG_0851-768x512.jpg 768w, https:\/\/fundacionmariasilviaandrade.net\/es\/wp-content\/uploads\/2021\/05\/IMG_0851-1536x1024.jpg 1536w, https:\/\/fundacionmariasilviaandrade.net\/es\/wp-content\/uploads\/2021\/05\/IMG_0851-2048x1365.jpg 2048w\" sizes=\"auto, (max-width: 1024px) 100vw, 1024px\" \/><\/figure><\/li><li class=\"blocks-gallery-item\"><figure><img loading=\"lazy\" decoding=\"async\" width=\"1024\" height=\"683\" src=\"https:\/\/fundacionmariasilviaandrade.net\/es\/wp-content\/uploads\/2021\/05\/IMG_0852-1024x683.jpg\" alt=\"\" data-id=\"400\" data-full-url=\"https:\/\/fundacionmariasilviaandrade.net\/es\/wp-content\/uploads\/2021\/05\/IMG_0852-scaled.jpg\" data-link=\"https:\/\/fundacionmariasilviaandrade.net\/es\/jornada-de-sensibilizacion-proyecto-habitantes-de-calle\/img_0852\/#main\" class=\"wp-image-400\" srcset=\"https:\/\/fundacionmariasilviaandrade.net\/es\/wp-content\/uploads\/2021\/05\/IMG_0852-1024x683.jpg 1024w, https:\/\/fundacionmariasilviaandrade.net\/es\/wp-content\/uploads\/2021\/05\/IMG_0852-300x200.jpg 300w, https:\/\/fundacionmariasilviaandrade.net\/es\/wp-content\/uploads\/2021\/05\/IMG_0852-768x512.jpg 768w, https:\/\/fundacionmariasilviaandrade.net\/es\/wp-content\/uploads\/2021\/05\/IMG_0852-1536x1024.jpg 1536w, https:\/\/fundacionmariasilviaandrade.net\/es\/wp-content\/uploads\/2021\/05\/IMG_0852-2048x1365.jpg 2048w\" sizes=\"auto, (max-width: 1024px) 100vw, 1024px\" \/><\/figure><\/li><li class=\"blocks-gallery-item\"><figure><img loading=\"lazy\" decoding=\"async\" width=\"1024\" height=\"683\" src=\"https:\/\/fundacionmariasilviaandrade.net\/es\/wp-content\/uploads\/2021\/05\/IMG_0853-1024x683.jpg\" alt=\"\" data-id=\"401\" data-full-url=\"https:\/\/fundacionmariasilviaandrade.net\/es\/wp-content\/uploads\/2021\/05\/IMG_0853-scaled.jpg\" data-link=\"https:\/\/fundacionmariasilviaandrade.net\/es\/jornada-de-sensibilizacion-proyecto-habitantes-de-calle\/img_0853\/#main\" class=\"wp-image-401\" srcset=\"https:\/\/fundacionmariasilviaandrade.net\/es\/wp-content\/uploads\/2021\/05\/IMG_0853-1024x683.jpg 1024w, https:\/\/fundacionmariasilviaandrade.net\/es\/wp-content\/uploads\/2021\/05\/IMG_0853-300x200.jpg 300w, https:\/\/fundacionmariasilviaandrade.net\/es\/wp-content\/uploads\/2021\/05\/IMG_0853-768x512.jpg 768w, https:\/\/fundacionmariasilviaandrade.net\/es\/wp-content\/uploads\/2021\/05\/IMG_0853-1536x1024.jpg 1536w, https:\/\/fundacionmariasilviaandrade.net\/es\/wp-content\/uploads\/2021\/05\/IMG_0853-2048x1365.jpg 2048w\" sizes=\"auto, (max-width: 1024px) 100vw, 1024px\" \/><\/figure><\/li><li class=\"blocks-gallery-item\"><figure><img loading=\"lazy\" decoding=\"async\" width=\"1024\" height=\"683\" src=\"https:\/\/fundacionmariasilviaandrade.net\/es\/wp-content\/uploads\/2021\/05\/IMG_0854-1024x683.jpg\" alt=\"\" data-id=\"402\" data-full-url=\"https:\/\/fundacionmariasilviaandrade.net\/es\/wp-content\/uploads\/2021\/05\/IMG_0854-scaled.jpg\" data-link=\"https:\/\/fundacionmariasilviaandrade.net\/es\/jornada-de-sensibilizacion-proyecto-habitantes-de-calle\/img_0854\/#main\" class=\"wp-image-402\" srcset=\"https:\/\/fundacionmariasilviaandrade.net\/es\/wp-content\/uploads\/2021\/05\/IMG_0854-1024x683.jpg 1024w, https:\/\/fundacionmariasilviaandrade.net\/es\/wp-content\/uploads\/2021\/05\/IMG_0854-300x200.jpg 300w, https:\/\/fundacionmariasilviaandrade.net\/es\/wp-content\/uploads\/2021\/05\/IMG_0854-768x512.jpg 768w, https:\/\/fundacionmariasilviaandrade.net\/es\/wp-content\/uploads\/2021\/05\/IMG_0854-1536x1024.jpg 1536w, https:\/\/fundacionmariasilviaandrade.net\/es\/wp-content\/uploads\/2021\/05\/IMG_0854-2048x1365.jpg 2048w\" sizes=\"auto, (max-width: 1024px) 100vw, 1024px\" \/><\/figure><\/li><li class=\"blocks-gallery-item\"><figure><img loading=\"lazy\" decoding=\"async\" width=\"1024\" height=\"683\" src=\"https:\/\/fundacionmariasilviaandrade.net\/es\/wp-content\/uploads\/2021\/05\/IMG_0858-1024x683.jpg\" alt=\"\" data-id=\"403\" data-full-url=\"https:\/\/fundacionmariasilviaandrade.net\/es\/wp-content\/uploads\/2021\/05\/IMG_0858-scaled.jpg\" data-link=\"https:\/\/fundacionmariasilviaandrade.net\/es\/jornada-de-sensibilizacion-proyecto-habitantes-de-calle\/img_0858\/#main\" class=\"wp-image-403\" srcset=\"https:\/\/fundacionmariasilviaandrade.net\/es\/wp-content\/uploads\/2021\/05\/IMG_0858-1024x683.jpg 1024w, https:\/\/fundacionmariasilviaandrade.net\/es\/wp-content\/uploads\/2021\/05\/IMG_0858-300x200.jpg 300w, https:\/\/fundacionmariasilviaandrade.net\/es\/wp-content\/uploads\/2021\/05\/IMG_0858-768x512.jpg 768w, https:\/\/fundacionmariasilviaandrade.net\/es\/wp-content\/uploads\/2021\/05\/IMG_0858-1536x1024.jpg 1536w, https:\/\/fundacionmariasilviaandrade.net\/es\/wp-content\/uploads\/2021\/05\/IMG_0858-2048x1365.jpg 2048w\" sizes=\"auto, (max-width: 1024px) 100vw, 1024px\" \/><\/figure><\/li><li class=\"blocks-gallery-item\"><figure><img loading=\"lazy\" decoding=\"async\" width=\"1024\" height=\"683\" src=\"https:\/\/fundacionmariasilviaandrade.net\/es\/wp-content\/uploads\/2021\/05\/IMG_0859-1024x683.jpg\" alt=\"\" data-id=\"404\" data-full-url=\"https:\/\/fundacionmariasilviaandrade.net\/es\/wp-content\/uploads\/2021\/05\/IMG_0859-scaled.jpg\" data-link=\"https:\/\/fundacionmariasilviaandrade.net\/es\/jornada-de-sensibilizacion-proyecto-habitantes-de-calle\/img_0859\/#main\" class=\"wp-image-404\" srcset=\"https:\/\/fundacionmariasilviaandrade.net\/es\/wp-content\/uploads\/2021\/05\/IMG_0859-1024x683.jpg 1024w, https:\/\/fundacionmariasilviaandrade.net\/es\/wp-content\/uploads\/2021\/05\/IMG_0859-300x200.jpg 300w, https:\/\/fundacionmariasilviaandrade.net\/es\/wp-content\/uploads\/2021\/05\/IMG_0859-768x512.jpg 768w, https:\/\/fundacionmariasilviaandrade.net\/es\/wp-content\/uploads\/2021\/05\/IMG_0859-1536x1024.jpg 1536w, https:\/\/fundacionmariasilviaandrade.net\/es\/wp-content\/uploads\/2021\/05\/IMG_0859-2048x1365.jpg 2048w\" sizes=\"auto, (max-width: 1024px) 100vw, 1024px\" \/><\/figure><\/li><li class=\"blocks-gallery-item\"><figure><img loading=\"lazy\" decoding=\"async\" width=\"1024\" height=\"683\" src=\"https:\/\/fundacionmariasilviaandrade.net\/es\/wp-content\/uploads\/2021\/05\/IMG_0860-1024x683.jpg\" alt=\"\" data-id=\"405\" data-full-url=\"https:\/\/fundacionmariasilviaandrade.net\/es\/wp-content\/uploads\/2021\/05\/IMG_0860-scaled.jpg\" data-link=\"https:\/\/fundacionmariasilviaandrade.net\/es\/jornada-de-sensibilizacion-proyecto-habitantes-de-calle\/img_0860\/#main\" class=\"wp-image-405\" srcset=\"https:\/\/fundacionmariasilviaandrade.net\/es\/wp-content\/uploads\/2021\/05\/IMG_0860-1024x683.jpg 1024w, https:\/\/fundacionmariasilviaandrade.net\/es\/wp-content\/uploads\/2021\/05\/IMG_0860-300x200.jpg 300w, https:\/\/fundacionmariasilviaandrade.net\/es\/wp-content\/uploads\/2021\/05\/IMG_0860-768x512.jpg 768w, https:\/\/fundacionmariasilviaandrade.net\/es\/wp-content\/uploads\/2021\/05\/IMG_0860-1536x1024.jpg 1536w, https:\/\/fundacionmariasilviaandrade.net\/es\/wp-content\/uploads\/2021\/05\/IMG_0860-2048x1365.jpg 2048w\" sizes=\"auto, (max-width: 1024px) 100vw, 1024px\" \/><\/figure><\/li><li class=\"blocks-gallery-item\"><figure><img loading=\"lazy\" decoding=\"async\" width=\"1024\" height=\"683\" src=\"https:\/\/fundacionmariasilviaandrade.net\/es\/wp-content\/uploads\/2021\/05\/IMG_0861-1024x683.jpg\" alt=\"\" data-id=\"406\" data-full-url=\"https:\/\/fundacionmariasilviaandrade.net\/es\/wp-content\/uploads\/2021\/05\/IMG_0861-scaled.jpg\" data-link=\"https:\/\/fundacionmariasilviaandrade.net\/es\/jornada-de-sensibilizacion-proyecto-habitantes-de-calle\/img_0861\/#main\" class=\"wp-image-406\" srcset=\"https:\/\/fundacionmariasilviaandrade.net\/es\/wp-content\/uploads\/2021\/05\/IMG_0861-1024x683.jpg 1024w, https:\/\/fundacionmariasilviaandrade.net\/es\/wp-content\/uploads\/2021\/05\/IMG_0861-300x200.jpg 300w, https:\/\/fundacionmariasilviaandrade.net\/es\/wp-content\/uploads\/2021\/05\/IMG_0861-768x512.jpg 768w, https:\/\/fundacionmariasilviaandrade.net\/es\/wp-content\/uploads\/2021\/05\/IMG_0861-1536x1024.jpg 1536w, https:\/\/fundacionmariasilviaandrade.net\/es\/wp-content\/uploads\/2021\/05\/IMG_0861-2048x1365.jpg 2048w\" sizes=\"auto, (max-width: 1024px) 100vw, 1024px\" \/><\/figure><\/li><li class=\"blocks-gallery-item\"><figure><img loading=\"lazy\" decoding=\"async\" width=\"1024\" height=\"683\" src=\"https:\/\/fundacionmariasilviaandrade.net\/es\/wp-content\/uploads\/2021\/05\/IMG_0862-1024x683.jpg\" alt=\"\" data-id=\"407\" data-full-url=\"https:\/\/fundacionmariasilviaandrade.net\/es\/wp-content\/uploads\/2021\/05\/IMG_0862-scaled.jpg\" data-link=\"https:\/\/fundacionmariasilviaandrade.net\/es\/jornada-de-sensibilizacion-proyecto-habitantes-de-calle\/img_0862\/#main\" class=\"wp-image-407\" srcset=\"https:\/\/fundacionmariasilviaandrade.net\/es\/wp-content\/uploads\/2021\/05\/IMG_0862-1024x683.jpg 1024w, https:\/\/fundacionmariasilviaandrade.net\/es\/wp-content\/uploads\/2021\/05\/IMG_0862-300x200.jpg 300w, https:\/\/fundacionmariasilviaandrade.net\/es\/wp-content\/uploads\/2021\/05\/IMG_0862-768x512.jpg 768w, https:\/\/fundacionmariasilviaandrade.net\/es\/wp-content\/uploads\/2021\/05\/IMG_0862-1536x1024.jpg 1536w, https:\/\/fundacionmariasilviaandrade.net\/es\/wp-content\/uploads\/2021\/05\/IMG_0862-2048x1365.jpg 2048w\" sizes=\"auto, (max-width: 1024px) 100vw, 1024px\" \/><\/figure><\/li><li class=\"blocks-gallery-item\"><figure><img loading=\"lazy\" decoding=\"async\" width=\"1024\" height=\"683\" src=\"https:\/\/fundacionmariasilviaandrade.net\/es\/wp-content\/uploads\/2021\/05\/IMG_0865-1024x683.jpg\" alt=\"\" data-id=\"408\" data-full-url=\"https:\/\/fundacionmariasilviaandrade.net\/es\/wp-content\/uploads\/2021\/05\/IMG_0865-scaled.jpg\" data-link=\"https:\/\/fundacionmariasilviaandrade.net\/es\/jornada-de-sensibilizacion-proyecto-habitantes-de-calle\/img_0865\/#main\" class=\"wp-image-408\" srcset=\"https:\/\/fundacionmariasilviaandrade.net\/es\/wp-content\/uploads\/2021\/05\/IMG_0865-1024x683.jpg 1024w, https:\/\/fundacionmariasilviaandrade.net\/es\/wp-content\/uploads\/2021\/05\/IMG_0865-300x200.jpg 300w, https:\/\/fundacionmariasilviaandrade.net\/es\/wp-content\/uploads\/2021\/05\/IMG_0865-768x512.jpg 768w, https:\/\/fundacionmariasilviaandrade.net\/es\/wp-content\/uploads\/2021\/05\/IMG_0865-1536x1024.jpg 1536w, https:\/\/fundacionmariasilviaandrade.net\/es\/wp-content\/uploads\/2021\/05\/IMG_0865-2048x1365.jpg 2048w\" sizes=\"auto, (max-width: 1024px) 100vw, 1024px\" \/><\/figure><\/li><li class=\"blocks-gallery-item\"><figure><img loading=\"lazy\" decoding=\"async\" width=\"1024\" height=\"683\" src=\"https:\/\/fundacionmariasilviaandrade.net\/es\/wp-content\/uploads\/2021\/05\/IMG_0867-1024x683.jpg\" alt=\"\" data-id=\"409\" data-full-url=\"https:\/\/fundacionmariasilviaandrade.net\/es\/wp-content\/uploads\/2021\/05\/IMG_0867-scaled.jpg\" data-link=\"https:\/\/fundacionmariasilviaandrade.net\/es\/jornada-de-sensibilizacion-proyecto-habitantes-de-calle\/img_0867\/#main\" class=\"wp-image-409\" srcset=\"https:\/\/fundacionmariasilviaandrade.net\/es\/wp-content\/uploads\/2021\/05\/IMG_0867-1024x683.jpg 1024w, https:\/\/fundacionmariasilviaandrade.net\/es\/wp-content\/uploads\/2021\/05\/IMG_0867-300x200.jpg 300w, https:\/\/fundacionmariasilviaandrade.net\/es\/wp-content\/uploads\/2021\/05\/IMG_0867-768x512.jpg 768w, https:\/\/fundacionmariasilviaandrade.net\/es\/wp-content\/uploads\/2021\/05\/IMG_0867-1536x1024.jpg 1536w, https:\/\/fundacionmariasilviaandrade.net\/es\/wp-content\/uploads\/2021\/05\/IMG_0867-2048x1365.jpg 2048w\" sizes=\"auto, (max-width: 1024px) 100vw, 1024px\" \/><\/figure><\/li><li class=\"blocks-gallery-item\"><figure><img loading=\"lazy\" decoding=\"async\" width=\"1024\" height=\"683\" src=\"https:\/\/fundacionmariasilviaandrade.net\/es\/wp-content\/uploads\/2021\/05\/IMG_0868-1024x683.jpg\" alt=\"\" data-id=\"410\" data-full-url=\"https:\/\/fundacionmariasilviaandrade.net\/es\/wp-content\/uploads\/2021\/05\/IMG_0868-scaled.jpg\" data-link=\"https:\/\/fundacionmariasilviaandrade.net\/es\/jornada-de-sensibilizacion-proyecto-habitantes-de-calle\/img_0868\/#main\" class=\"wp-image-410\" srcset=\"https:\/\/fundacionmariasilviaandrade.net\/es\/wp-content\/uploads\/2021\/05\/IMG_0868-1024x683.jpg 1024w, https:\/\/fundacionmariasilviaandrade.net\/es\/wp-content\/uploads\/2021\/05\/IMG_0868-300x200.jpg 300w, https:\/\/fundacionmariasilviaandrade.net\/es\/wp-content\/uploads\/2021\/05\/IMG_0868-768x512.jpg 768w, https:\/\/fundacionmariasilviaandrade.net\/es\/wp-content\/uploads\/2021\/05\/IMG_0868-1536x1024.jpg 1536w, https:\/\/fundacionmariasilviaandrade.net\/es\/wp-content\/uploads\/2021\/05\/IMG_0868-2048x1365.jpg 2048w\" sizes=\"auto, (max-width: 1024px) 100vw, 1024px\" \/><\/figure><\/li><li class=\"blocks-gallery-item\"><figure><img loading=\"lazy\" decoding=\"async\" width=\"1024\" height=\"683\" src=\"https:\/\/fundacionmariasilviaandrade.net\/es\/wp-content\/uploads\/2021\/05\/IMG_0870-1024x683.jpg\" alt=\"\" data-id=\"411\" data-full-url=\"https:\/\/fundacionmariasilviaandrade.net\/es\/wp-content\/uploads\/2021\/05\/IMG_0870-scaled.jpg\" data-link=\"https:\/\/fundacionmariasilviaandrade.net\/es\/jornada-de-sensibilizacion-proyecto-habitantes-de-calle\/img_0870\/#main\" class=\"wp-image-411\" srcset=\"https:\/\/fundacionmariasilviaandrade.net\/es\/wp-content\/uploads\/2021\/05\/IMG_0870-1024x683.jpg 1024w, https:\/\/fundacionmariasilviaandrade.net\/es\/wp-content\/uploads\/2021\/05\/IMG_0870-300x200.jpg 300w, https:\/\/fundacionmariasilviaandrade.net\/es\/wp-content\/uploads\/2021\/05\/IMG_0870-768x512.jpg 768w, https:\/\/fundacionmariasilviaandrade.net\/es\/wp-content\/uploads\/2021\/05\/IMG_0870-1536x1024.jpg 1536w, https:\/\/fundacionmariasilviaandrade.net\/es\/wp-content\/uploads\/2021\/05\/IMG_0870-2048x1365.jpg 2048w\" sizes=\"auto, (max-width: 1024px) 100vw, 1024px\" \/><\/figure><\/li><li class=\"blocks-gallery-item\"><figure><img loading=\"lazy\" decoding=\"async\" width=\"1024\" height=\"683\" src=\"https:\/\/fundacionmariasilviaandrade.net\/es\/wp-content\/uploads\/2021\/05\/IMG_0871-1024x683.jpg\" alt=\"\" data-id=\"412\" data-full-url=\"https:\/\/fundacionmariasilviaandrade.net\/es\/wp-content\/uploads\/2021\/05\/IMG_0871-scaled.jpg\" data-link=\"https:\/\/fundacionmariasilviaandrade.net\/es\/jornada-de-sensibilizacion-proyecto-habitantes-de-calle\/img_0871\/#main\" class=\"wp-image-412\" srcset=\"https:\/\/fundacionmariasilviaandrade.net\/es\/wp-content\/uploads\/2021\/05\/IMG_0871-1024x683.jpg 1024w, https:\/\/fundacionmariasilviaandrade.net\/es\/wp-content\/uploads\/2021\/05\/IMG_0871-300x200.jpg 300w, https:\/\/fundacionmariasilviaandrade.net\/es\/wp-content\/uploads\/2021\/05\/IMG_0871-768x512.jpg 768w, https:\/\/fundacionmariasilviaandrade.net\/es\/wp-content\/uploads\/2021\/05\/IMG_0871-1536x1024.jpg 1536w, https:\/\/fundacionmariasilviaandrade.net\/es\/wp-content\/uploads\/2021\/05\/IMG_0871-2048x1365.jpg 2048w\" sizes=\"auto, (max-width: 1024px) 100vw, 1024px\" \/><\/figure><\/li><li class=\"blocks-gallery-item\"><figure><img loading=\"lazy\" decoding=\"async\" width=\"1024\" height=\"683\" src=\"https:\/\/fundacionmariasilviaandrade.net\/es\/wp-content\/uploads\/2021\/05\/IMG_0872-1024x683.jpg\" alt=\"\" data-id=\"413\" data-full-url=\"https:\/\/fundacionmariasilviaandrade.net\/es\/wp-content\/uploads\/2021\/05\/IMG_0872-scaled.jpg\" data-link=\"https:\/\/fundacionmariasilviaandrade.net\/es\/jornada-de-sensibilizacion-proyecto-habitantes-de-calle\/img_0872\/#main\" class=\"wp-image-413\" srcset=\"https:\/\/fundacionmariasilviaandrade.net\/es\/wp-content\/uploads\/2021\/05\/IMG_0872-1024x683.jpg 1024w, https:\/\/fundacionmariasilviaandrade.net\/es\/wp-content\/uploads\/2021\/05\/IMG_0872-300x200.jpg 300w, https:\/\/fundacionmariasilviaandrade.net\/es\/wp-content\/uploads\/2021\/05\/IMG_0872-768x512.jpg 768w, https:\/\/fundacionmariasilviaandrade.net\/es\/wp-content\/uploads\/2021\/05\/IMG_0872-1536x1024.jpg 1536w, https:\/\/fundacionmariasilviaandrade.net\/es\/wp-content\/uploads\/2021\/05\/IMG_0872-2048x1365.jpg 2048w\" sizes=\"auto, (max-width: 1024px) 100vw, 1024px\" \/><\/figure><\/li><li class=\"blocks-gallery-item\"><figure><img loading=\"lazy\" decoding=\"async\" width=\"1024\" height=\"683\" src=\"https:\/\/fundacionmariasilviaandrade.net\/es\/wp-content\/uploads\/2021\/05\/IMG_0873-1024x683.jpg\" alt=\"\" data-id=\"414\" data-full-url=\"https:\/\/fundacionmariasilviaandrade.net\/es\/wp-content\/uploads\/2021\/05\/IMG_0873-scaled.jpg\" data-link=\"https:\/\/fundacionmariasilviaandrade.net\/es\/jornada-de-sensibilizacion-proyecto-habitantes-de-calle\/img_0873\/#main\" class=\"wp-image-414\" srcset=\"https:\/\/fundacionmariasilviaandrade.net\/es\/wp-content\/uploads\/2021\/05\/IMG_0873-1024x683.jpg 1024w, https:\/\/fundacionmariasilviaandrade.net\/es\/wp-content\/uploads\/2021\/05\/IMG_0873-300x200.jpg 300w, https:\/\/fundacionmariasilviaandrade.net\/es\/wp-content\/uploads\/2021\/05\/IMG_0873-768x512.jpg 768w, https:\/\/fundacionmariasilviaandrade.net\/es\/wp-content\/uploads\/2021\/05\/IMG_0873-1536x1024.jpg 1536w, https:\/\/fundacionmariasilviaandrade.net\/es\/wp-content\/uploads\/2021\/05\/IMG_0873-2048x1365.jpg 2048w\" sizes=\"auto, (max-width: 1024px) 100vw, 1024px\" \/><\/figure><\/li><li class=\"blocks-gallery-item\"><figure><img loading=\"lazy\" decoding=\"async\" width=\"1024\" height=\"683\" src=\"https:\/\/fundacionmariasilviaandrade.net\/es\/wp-content\/uploads\/2021\/05\/IMG_0874-1024x683.jpg\" alt=\"\" data-id=\"415\" data-full-url=\"https:\/\/fundacionmariasilviaandrade.net\/es\/wp-content\/uploads\/2021\/05\/IMG_0874-scaled.jpg\" data-link=\"https:\/\/fundacionmariasilviaandrade.net\/es\/jornada-de-sensibilizacion-proyecto-habitantes-de-calle\/img_0874\/#main\" class=\"wp-image-415\" srcset=\"https:\/\/fundacionmariasilviaandrade.net\/es\/wp-content\/uploads\/2021\/05\/IMG_0874-1024x683.jpg 1024w, https:\/\/fundacionmariasilviaandrade.net\/es\/wp-content\/uploads\/2021\/05\/IMG_0874-300x200.jpg 300w, https:\/\/fundacionmariasilviaandrade.net\/es\/wp-content\/uploads\/2021\/05\/IMG_0874-768x512.jpg 768w, https:\/\/fundacionmariasilviaandrade.net\/es\/wp-content\/uploads\/2021\/05\/IMG_0874-1536x1024.jpg 1536w, https:\/\/fundacionmariasilviaandrade.net\/es\/wp-content\/uploads\/2021\/05\/IMG_0874-2048x1365.jpg 2048w\" sizes=\"auto, (max-width: 1024px) 100vw, 1024px\" \/><\/figure><\/li><li class=\"blocks-gallery-item\"><figure><img loading=\"lazy\" decoding=\"async\" width=\"1024\" height=\"683\" src=\"https:\/\/fundacionmariasilviaandrade.net\/es\/wp-content\/uploads\/2021\/05\/IMG_0881-1024x683.jpg\" alt=\"\" data-id=\"416\" data-full-url=\"https:\/\/fundacionmariasilviaandrade.net\/es\/wp-content\/uploads\/2021\/05\/IMG_0881-scaled.jpg\" data-link=\"https:\/\/fundacionmariasilviaandrade.net\/es\/jornada-de-sensibilizacion-proyecto-habitantes-de-calle\/img_0881\/#main\" class=\"wp-image-416\" srcset=\"https:\/\/fundacionmariasilviaandrade.net\/es\/wp-content\/uploads\/2021\/05\/IMG_0881-1024x683.jpg 1024w, https:\/\/fundacionmariasilviaandrade.net\/es\/wp-content\/uploads\/2021\/05\/IMG_0881-300x200.jpg 300w, https:\/\/fundacionmariasilviaandrade.net\/es\/wp-content\/uploads\/2021\/05\/IMG_0881-768x512.jpg 768w, https:\/\/fundacionmariasilviaandrade.net\/es\/wp-content\/uploads\/2021\/05\/IMG_0881-1536x1024.jpg 1536w, https:\/\/fundacionmariasilviaandrade.net\/es\/wp-content\/uploads\/2021\/05\/IMG_0881-2048x1365.jpg 2048w\" sizes=\"auto, (max-width: 1024px) 100vw, 1024px\" \/><\/figure><\/li><li class=\"blocks-gallery-item\"><figure><img loading=\"lazy\" decoding=\"async\" width=\"1024\" height=\"683\" src=\"https:\/\/fundacionmariasilviaandrade.net\/es\/wp-content\/uploads\/2021\/05\/IMG_0882-1024x683.jpg\" alt=\"\" data-id=\"417\" data-full-url=\"https:\/\/fundacionmariasilviaandrade.net\/es\/wp-content\/uploads\/2021\/05\/IMG_0882-scaled.jpg\" data-link=\"https:\/\/fundacionmariasilviaandrade.net\/es\/jornada-de-sensibilizacion-proyecto-habitantes-de-calle\/img_0882\/#main\" class=\"wp-image-417\" srcset=\"https:\/\/fundacionmariasilviaandrade.net\/es\/wp-content\/uploads\/2021\/05\/IMG_0882-1024x683.jpg 1024w, https:\/\/fundacionmariasilviaandrade.net\/es\/wp-content\/uploads\/2021\/05\/IMG_0882-300x200.jpg 300w, https:\/\/fundacionmariasilviaandrade.net\/es\/wp-content\/uploads\/2021\/05\/IMG_0882-768x512.jpg 768w, https:\/\/fundacionmariasilviaandrade.net\/es\/wp-content\/uploads\/2021\/05\/IMG_0882-1536x1024.jpg 1536w, https:\/\/fundacionmariasilviaandrade.net\/es\/wp-content\/uploads\/2021\/05\/IMG_0882-2048x1365.jpg 2048w\" sizes=\"auto, (max-width: 1024px) 100vw, 1024px\" \/><\/figure><\/li><li class=\"blocks-gallery-item\"><figure><img loading=\"lazy\" decoding=\"async\" width=\"1024\" height=\"683\" src=\"https:\/\/fundacionmariasilviaandrade.net\/es\/wp-content\/uploads\/2021\/05\/IMG_0883-1024x683.jpg\" alt=\"\" data-id=\"418\" data-full-url=\"https:\/\/fundacionmariasilviaandrade.net\/es\/wp-content\/uploads\/2021\/05\/IMG_0883-scaled.jpg\" data-link=\"https:\/\/fundacionmariasilviaandrade.net\/es\/jornada-de-sensibilizacion-proyecto-habitantes-de-calle\/img_0883\/#main\" class=\"wp-image-418\" srcset=\"https:\/\/fundacionmariasilviaandrade.net\/es\/wp-content\/uploads\/2021\/05\/IMG_0883-1024x683.jpg 1024w, https:\/\/fundacionmariasilviaandrade.net\/es\/wp-content\/uploads\/2021\/05\/IMG_0883-300x200.jpg 300w, https:\/\/fundacionmariasilviaandrade.net\/es\/wp-content\/uploads\/2021\/05\/IMG_0883-768x512.jpg 768w, https:\/\/fundacionmariasilviaandrade.net\/es\/wp-content\/uploads\/2021\/05\/IMG_0883-1536x1024.jpg 1536w, https:\/\/fundacionmariasilviaandrade.net\/es\/wp-content\/uploads\/2021\/05\/IMG_0883-2048x1365.jpg 2048w\" sizes=\"auto, (max-width: 1024px) 100vw, 1024px\" \/><\/figure><\/li><li class=\"blocks-gallery-item\"><figure><img loading=\"lazy\" decoding=\"async\" width=\"1024\" height=\"683\" src=\"https:\/\/fundacionmariasilviaandrade.net\/es\/wp-content\/uploads\/2021\/05\/IMG_0884-1024x683.jpg\" alt=\"\" data-id=\"419\" data-full-url=\"https:\/\/fundacionmariasilviaandrade.net\/es\/wp-content\/uploads\/2021\/05\/IMG_0884-scaled.jpg\" data-link=\"https:\/\/fundacionmariasilviaandrade.net\/es\/jornada-de-sensibilizacion-proyecto-habitantes-de-calle\/img_0884\/#main\" class=\"wp-image-419\" srcset=\"https:\/\/fundacionmariasilviaandrade.net\/es\/wp-content\/uploads\/2021\/05\/IMG_0884-1024x683.jpg 1024w, https:\/\/fundacionmariasilviaandrade.net\/es\/wp-content\/uploads\/2021\/05\/IMG_0884-300x200.jpg 300w, https:\/\/fundacionmariasilviaandrade.net\/es\/wp-content\/uploads\/2021\/05\/IMG_0884-768x512.jpg 768w, https:\/\/fundacionmariasilviaandrade.net\/es\/wp-content\/uploads\/2021\/05\/IMG_0884-1536x1024.jpg 1536w, https:\/\/fundacionmariasilviaandrade.net\/es\/wp-content\/uploads\/2021\/05\/IMG_0884-2048x1365.jpg 2048w\" sizes=\"auto, (max-width: 1024px) 100vw, 1024px\" \/><\/figure><\/li><li class=\"blocks-gallery-item\"><figure><img loading=\"lazy\" decoding=\"async\" width=\"1024\" height=\"683\" src=\"https:\/\/fundacionmariasilviaandrade.net\/es\/wp-content\/uploads\/2021\/05\/IMG_0885-1024x683.jpg\" alt=\"\" data-id=\"420\" data-full-url=\"https:\/\/fundacionmariasilviaandrade.net\/es\/wp-content\/uploads\/2021\/05\/IMG_0885-scaled.jpg\" data-link=\"https:\/\/fundacionmariasilviaandrade.net\/es\/jornada-de-sensibilizacion-proyecto-habitantes-de-calle\/img_0885\/#main\" class=\"wp-image-420\" srcset=\"https:\/\/fundacionmariasilviaandrade.net\/es\/wp-content\/uploads\/2021\/05\/IMG_0885-1024x683.jpg 1024w, https:\/\/fundacionmariasilviaandrade.net\/es\/wp-content\/uploads\/2021\/05\/IMG_0885-300x200.jpg 300w, https:\/\/fundacionmariasilviaandrade.net\/es\/wp-content\/uploads\/2021\/05\/IMG_0885-768x512.jpg 768w, https:\/\/fundacionmariasilviaandrade.net\/es\/wp-content\/uploads\/2021\/05\/IMG_0885-1536x1024.jpg 1536w, https:\/\/fundacionmariasilviaandrade.net\/es\/wp-content\/uploads\/2021\/05\/IMG_0885-2048x1365.jpg 2048w\" sizes=\"auto, (max-width: 1024px) 100vw, 1024px\" \/><\/figure><\/li><li class=\"blocks-gallery-item\"><figure><img loading=\"lazy\" decoding=\"async\" width=\"1024\" height=\"683\" src=\"https:\/\/fundacionmariasilviaandrade.net\/es\/wp-content\/uploads\/2021\/05\/IMG_0887-1024x683.jpg\" alt=\"\" data-id=\"421\" data-full-url=\"https:\/\/fundacionmariasilviaandrade.net\/es\/wp-content\/uploads\/2021\/05\/IMG_0887-scaled.jpg\" data-link=\"https:\/\/fundacionmariasilviaandrade.net\/es\/jornada-de-sensibilizacion-proyecto-habitantes-de-calle\/img_0887\/#main\" class=\"wp-image-421\" srcset=\"https:\/\/fundacionmariasilviaandrade.net\/es\/wp-content\/uploads\/2021\/05\/IMG_0887-1024x683.jpg 1024w, https:\/\/fundacionmariasilviaandrade.net\/es\/wp-content\/uploads\/2021\/05\/IMG_0887-300x200.jpg 300w, https:\/\/fundacionmariasilviaandrade.net\/es\/wp-content\/uploads\/2021\/05\/IMG_0887-768x512.jpg 768w, https:\/\/fundacionmariasilviaandrade.net\/es\/wp-content\/uploads\/2021\/05\/IMG_0887-1536x1024.jpg 1536w, https:\/\/fundacionmariasilviaandrade.net\/es\/wp-content\/uploads\/2021\/05\/IMG_0887-2048x1365.jpg 2048w\" sizes=\"auto, (max-width: 1024px) 100vw, 1024px\" \/><\/figure><\/li><li class=\"blocks-gallery-item\"><figure><img loading=\"lazy\" decoding=\"async\" width=\"1024\" height=\"683\" src=\"https:\/\/fundacionmariasilviaandrade.net\/es\/wp-content\/uploads\/2021\/05\/IMG_0888-1024x683.jpg\" alt=\"\" data-id=\"422\" data-full-url=\"https:\/\/fundacionmariasilviaandrade.net\/es\/wp-content\/uploads\/2021\/05\/IMG_0888-scaled.jpg\" data-link=\"https:\/\/fundacionmariasilviaandrade.net\/es\/jornada-de-sensibilizacion-proyecto-habitantes-de-calle\/img_0888\/#main\" class=\"wp-image-422\" srcset=\"https:\/\/fundacionmariasilviaandrade.net\/es\/wp-content\/uploads\/2021\/05\/IMG_0888-1024x683.jpg 1024w, https:\/\/fundacionmariasilviaandrade.net\/es\/wp-content\/uploads\/2021\/05\/IMG_0888-300x200.jpg 300w, https:\/\/fundacionmariasilviaandrade.net\/es\/wp-content\/uploads\/2021\/05\/IMG_0888-768x512.jpg 768w, https:\/\/fundacionmariasilviaandrade.net\/es\/wp-content\/uploads\/2021\/05\/IMG_0888-1536x1024.jpg 1536w, https:\/\/fundacionmariasilviaandrade.net\/es\/wp-content\/uploads\/2021\/05\/IMG_0888-2048x1365.jpg 2048w\" sizes=\"auto, (max-width: 1024px) 100vw, 1024px\" \/><\/figure><\/li><li class=\"blocks-gallery-item\"><figure><img loading=\"lazy\" decoding=\"async\" width=\"1024\" height=\"683\" src=\"https:\/\/fundacionmariasilviaandrade.net\/es\/wp-content\/uploads\/2021\/05\/IMG_0889-1024x683.jpg\" alt=\"\" data-id=\"423\" data-full-url=\"https:\/\/fundacionmariasilviaandrade.net\/es\/wp-content\/uploads\/2021\/05\/IMG_0889-scaled.jpg\" data-link=\"https:\/\/fundacionmariasilviaandrade.net\/es\/jornada-de-sensibilizacion-proyecto-habitantes-de-calle\/img_0889\/#main\" class=\"wp-image-423\" srcset=\"https:\/\/fundacionmariasilviaandrade.net\/es\/wp-content\/uploads\/2021\/05\/IMG_0889-1024x683.jpg 1024w, https:\/\/fundacionmariasilviaandrade.net\/es\/wp-content\/uploads\/2021\/05\/IMG_0889-300x200.jpg 300w, https:\/\/fundacionmariasilviaandrade.net\/es\/wp-content\/uploads\/2021\/05\/IMG_0889-768x512.jpg 768w, https:\/\/fundacionmariasilviaandrade.net\/es\/wp-content\/uploads\/2021\/05\/IMG_0889-1536x1024.jpg 1536w, https:\/\/fundacionmariasilviaandrade.net\/es\/wp-content\/uploads\/2021\/05\/IMG_0889-2048x1365.jpg 2048w\" sizes=\"auto, (max-width: 1024px) 100vw, 1024px\" \/><\/figure><\/li><li class=\"blocks-gallery-item\"><figure><img loading=\"lazy\" decoding=\"async\" width=\"1024\" height=\"683\" src=\"https:\/\/fundacionmariasilviaandrade.net\/es\/wp-content\/uploads\/2021\/05\/IMG_0890-1024x683.jpg\" alt=\"\" data-id=\"424\" data-full-url=\"https:\/\/fundacionmariasilviaandrade.net\/es\/wp-content\/uploads\/2021\/05\/IMG_0890-scaled.jpg\" data-link=\"https:\/\/fundacionmariasilviaandrade.net\/es\/jornada-de-sensibilizacion-proyecto-habitantes-de-calle\/img_0890\/#main\" class=\"wp-image-424\" srcset=\"https:\/\/fundacionmariasilviaandrade.net\/es\/wp-content\/uploads\/2021\/05\/IMG_0890-1024x683.jpg 1024w, https:\/\/fundacionmariasilviaandrade.net\/es\/wp-content\/uploads\/2021\/05\/IMG_0890-300x200.jpg 300w, https:\/\/fundacionmariasilviaandrade.net\/es\/wp-content\/uploads\/2021\/05\/IMG_0890-768x512.jpg 768w, https:\/\/fundacionmariasilviaandrade.net\/es\/wp-content\/uploads\/2021\/05\/IMG_0890-1536x1024.jpg 1536w, https:\/\/fundacionmariasilviaandrade.net\/es\/wp-content\/uploads\/2021\/05\/IMG_0890-2048x1365.jpg 2048w\" sizes=\"auto, (max-width: 1024px) 100vw, 1024px\" \/><\/figure><\/li><li class=\"blocks-gallery-item\"><figure><img loading=\"lazy\" decoding=\"async\" width=\"1024\" height=\"683\" src=\"https:\/\/fundacionmariasilviaandrade.net\/es\/wp-content\/uploads\/2021\/05\/IMG_0891-1024x683.jpg\" alt=\"\" data-id=\"425\" data-full-url=\"https:\/\/fundacionmariasilviaandrade.net\/es\/wp-content\/uploads\/2021\/05\/IMG_0891-scaled.jpg\" data-link=\"https:\/\/fundacionmariasilviaandrade.net\/es\/jornada-de-sensibilizacion-proyecto-habitantes-de-calle\/img_0891\/#main\" class=\"wp-image-425\" srcset=\"https:\/\/fundacionmariasilviaandrade.net\/es\/wp-content\/uploads\/2021\/05\/IMG_0891-1024x683.jpg 1024w, https:\/\/fundacionmariasilviaandrade.net\/es\/wp-content\/uploads\/2021\/05\/IMG_0891-300x200.jpg 300w, https:\/\/fundacionmariasilviaandrade.net\/es\/wp-content\/uploads\/2021\/05\/IMG_0891-768x512.jpg 768w, https:\/\/fundacionmariasilviaandrade.net\/es\/wp-content\/uploads\/2021\/05\/IMG_0891-1536x1024.jpg 1536w, https:\/\/fundacionmariasilviaandrade.net\/es\/wp-content\/uploads\/2021\/05\/IMG_0891-2048x1365.jpg 2048w\" sizes=\"auto, (max-width: 1024px) 100vw, 1024px\" \/><\/figure><\/li><li class=\"blocks-gallery-item\"><figure><img loading=\"lazy\" decoding=\"async\" width=\"1024\" height=\"683\" src=\"https:\/\/fundacionmariasilviaandrade.net\/es\/wp-content\/uploads\/2021\/05\/IMG_0892-1024x683.jpg\" alt=\"\" data-id=\"426\" data-full-url=\"https:\/\/fundacionmariasilviaandrade.net\/es\/wp-content\/uploads\/2021\/05\/IMG_0892-scaled.jpg\" data-link=\"https:\/\/fundacionmariasilviaandrade.net\/es\/jornada-de-sensibilizacion-proyecto-habitantes-de-calle\/img_0892\/#main\" class=\"wp-image-426\" srcset=\"https:\/\/fundacionmariasilviaandrade.net\/es\/wp-content\/uploads\/2021\/05\/IMG_0892-1024x683.jpg 1024w, https:\/\/fundacionmariasilviaandrade.net\/es\/wp-content\/uploads\/2021\/05\/IMG_0892-300x200.jpg 300w, https:\/\/fundacionmariasilviaandrade.net\/es\/wp-content\/uploads\/2021\/05\/IMG_0892-768x512.jpg 768w, https:\/\/fundacionmariasilviaandrade.net\/es\/wp-content\/uploads\/2021\/05\/IMG_0892-1536x1024.jpg 1536w, https:\/\/fundacionmariasilviaandrade.net\/es\/wp-content\/uploads\/2021\/05\/IMG_0892-2048x1365.jpg 2048w\" sizes=\"auto, (max-width: 1024px) 100vw, 1024px\" \/><\/figure><\/li><li class=\"blocks-gallery-item\"><figure><img loading=\"lazy\" decoding=\"async\" width=\"1024\" height=\"683\" src=\"https:\/\/fundacionmariasilviaandrade.net\/es\/wp-content\/uploads\/2021\/05\/IMG_0894-1024x683.jpg\" alt=\"\" data-id=\"427\" data-full-url=\"https:\/\/fundacionmariasilviaandrade.net\/es\/wp-content\/uploads\/2021\/05\/IMG_0894-scaled.jpg\" data-link=\"https:\/\/fundacionmariasilviaandrade.net\/es\/jornada-de-sensibilizacion-proyecto-habitantes-de-calle\/img_0894\/#main\" class=\"wp-image-427\" srcset=\"https:\/\/fundacionmariasilviaandrade.net\/es\/wp-content\/uploads\/2021\/05\/IMG_0894-1024x683.jpg 1024w, https:\/\/fundacionmariasilviaandrade.net\/es\/wp-content\/uploads\/2021\/05\/IMG_0894-300x200.jpg 300w, https:\/\/fundacionmariasilviaandrade.net\/es\/wp-content\/uploads\/2021\/05\/IMG_0894-768x512.jpg 768w, https:\/\/fundacionmariasilviaandrade.net\/es\/wp-content\/uploads\/2021\/05\/IMG_0894-1536x1024.jpg 1536w, https:\/\/fundacionmariasilviaandrade.net\/es\/wp-content\/uploads\/2021\/05\/IMG_0894-2048x1365.jpg 2048w\" sizes=\"auto, (max-width: 1024px) 100vw, 1024px\" \/><\/figure><\/li><li class=\"blocks-gallery-item\"><figure><img loading=\"lazy\" decoding=\"async\" width=\"1024\" height=\"683\" src=\"https:\/\/fundacionmariasilviaandrade.net\/es\/wp-content\/uploads\/2021\/05\/IMG_0896-1024x683.jpg\" alt=\"\" data-id=\"428\" data-full-url=\"https:\/\/fundacionmariasilviaandrade.net\/es\/wp-content\/uploads\/2021\/05\/IMG_0896-scaled.jpg\" data-link=\"https:\/\/fundacionmariasilviaandrade.net\/es\/jornada-de-sensibilizacion-proyecto-habitantes-de-calle\/img_0896\/#main\" class=\"wp-image-428\" srcset=\"https:\/\/fundacionmariasilviaandrade.net\/es\/wp-content\/uploads\/2021\/05\/IMG_0896-1024x683.jpg 1024w, https:\/\/fundacionmariasilviaandrade.net\/es\/wp-content\/uploads\/2021\/05\/IMG_0896-300x200.jpg 300w, https:\/\/fundacionmariasilviaandrade.net\/es\/wp-content\/uploads\/2021\/05\/IMG_0896-768x512.jpg 768w, https:\/\/fundacionmariasilviaandrade.net\/es\/wp-content\/uploads\/2021\/05\/IMG_0896-1536x1024.jpg 1536w, https:\/\/fundacionmariasilviaandrade.net\/es\/wp-content\/uploads\/2021\/05\/IMG_0896-2048x1365.jpg 2048w\" sizes=\"auto, (max-width: 1024px) 100vw, 1024px\" \/><\/figure><\/li><li class=\"blocks-gallery-item\"><figure><img loading=\"lazy\" decoding=\"async\" width=\"1024\" height=\"683\" src=\"https:\/\/fundacionmariasilviaandrade.net\/es\/wp-content\/uploads\/2021\/05\/IMG_0897-1024x683.jpg\" alt=\"\" data-id=\"429\" data-full-url=\"https:\/\/fundacionmariasilviaandrade.net\/es\/wp-content\/uploads\/2021\/05\/IMG_0897-scaled.jpg\" data-link=\"https:\/\/fundacionmariasilviaandrade.net\/es\/jornada-de-sensibilizacion-proyecto-habitantes-de-calle\/img_0897\/#main\" class=\"wp-image-429\" srcset=\"https:\/\/fundacionmariasilviaandrade.net\/es\/wp-content\/uploads\/2021\/05\/IMG_0897-1024x683.jpg 1024w, https:\/\/fundacionmariasilviaandrade.net\/es\/wp-content\/uploads\/2021\/05\/IMG_0897-300x200.jpg 300w, https:\/\/fundacionmariasilviaandrade.net\/es\/wp-content\/uploads\/2021\/05\/IMG_0897-768x512.jpg 768w, https:\/\/fundacionmariasilviaandrade.net\/es\/wp-content\/uploads\/2021\/05\/IMG_0897-1536x1024.jpg 1536w, https:\/\/fundacionmariasilviaandrade.net\/es\/wp-content\/uploads\/2021\/05\/IMG_0897-2048x1365.jpg 2048w\" sizes=\"auto, (max-width: 1024px) 100vw, 1024px\" \/><\/figure><\/li><li class=\"blocks-gallery-item\"><figure><img loading=\"lazy\" decoding=\"async\" width=\"1024\" height=\"683\" src=\"https:\/\/fundacionmariasilviaandrade.net\/es\/wp-content\/uploads\/2021\/05\/IMG_0898-1024x683.jpg\" alt=\"\" data-id=\"430\" data-full-url=\"https:\/\/fundacionmariasilviaandrade.net\/es\/wp-content\/uploads\/2021\/05\/IMG_0898-scaled.jpg\" data-link=\"https:\/\/fundacionmariasilviaandrade.net\/es\/jornada-de-sensibilizacion-proyecto-habitantes-de-calle\/img_0898\/#main\" class=\"wp-image-430\" srcset=\"https:\/\/fundacionmariasilviaandrade.net\/es\/wp-content\/uploads\/2021\/05\/IMG_0898-1024x683.jpg 1024w, https:\/\/fundacionmariasilviaandrade.net\/es\/wp-content\/uploads\/2021\/05\/IMG_0898-300x200.jpg 300w, https:\/\/fundacionmariasilviaandrade.net\/es\/wp-content\/uploads\/2021\/05\/IMG_0898-768x512.jpg 768w, https:\/\/fundacionmariasilviaandrade.net\/es\/wp-content\/uploads\/2021\/05\/IMG_0898-1536x1024.jpg 1536w, https:\/\/fundacionmariasilviaandrade.net\/es\/wp-content\/uploads\/2021\/05\/IMG_0898-2048x1365.jpg 2048w\" sizes=\"auto, (max-width: 1024px) 100vw, 1024px\" \/><\/figure><\/li><li class=\"blocks-gallery-item\"><figure><img loading=\"lazy\" decoding=\"async\" width=\"1024\" height=\"683\" src=\"https:\/\/fundacionmariasilviaandrade.net\/es\/wp-content\/uploads\/2021\/05\/IMG_0899-1024x683.jpg\" alt=\"\" data-id=\"431\" data-full-url=\"https:\/\/fundacionmariasilviaandrade.net\/es\/wp-content\/uploads\/2021\/05\/IMG_0899-scaled.jpg\" data-link=\"https:\/\/fundacionmariasilviaandrade.net\/es\/jornada-de-sensibilizacion-proyecto-habitantes-de-calle\/img_0899\/#main\" class=\"wp-image-431\" srcset=\"https:\/\/fundacionmariasilviaandrade.net\/es\/wp-content\/uploads\/2021\/05\/IMG_0899-1024x683.jpg 1024w, https:\/\/fundacionmariasilviaandrade.net\/es\/wp-content\/uploads\/2021\/05\/IMG_0899-300x200.jpg 300w, https:\/\/fundacionmariasilviaandrade.net\/es\/wp-content\/uploads\/2021\/05\/IMG_0899-768x512.jpg 768w, https:\/\/fundacionmariasilviaandrade.net\/es\/wp-content\/uploads\/2021\/05\/IMG_0899-1536x1024.jpg 1536w, https:\/\/fundacionmariasilviaandrade.net\/es\/wp-content\/uploads\/2021\/05\/IMG_0899-2048x1365.jpg 2048w\" sizes=\"auto, (max-width: 1024px) 100vw, 1024px\" \/><\/figure><\/li><li class=\"blocks-gallery-item\"><figure><img loading=\"lazy\" decoding=\"async\" width=\"1024\" height=\"683\" src=\"https:\/\/fundacionmariasilviaandrade.net\/es\/wp-content\/uploads\/2021\/05\/IMG_0900-1024x683.jpg\" alt=\"\" data-id=\"432\" data-full-url=\"https:\/\/fundacionmariasilviaandrade.net\/es\/wp-content\/uploads\/2021\/05\/IMG_0900-scaled.jpg\" data-link=\"https:\/\/fundacionmariasilviaandrade.net\/es\/jornada-de-sensibilizacion-proyecto-habitantes-de-calle\/img_0900\/#main\" class=\"wp-image-432\" srcset=\"https:\/\/fundacionmariasilviaandrade.net\/es\/wp-content\/uploads\/2021\/05\/IMG_0900-1024x683.jpg 1024w, https:\/\/fundacionmariasilviaandrade.net\/es\/wp-content\/uploads\/2021\/05\/IMG_0900-300x200.jpg 300w, https:\/\/fundacionmariasilviaandrade.net\/es\/wp-content\/uploads\/2021\/05\/IMG_0900-768x512.jpg 768w, https:\/\/fundacionmariasilviaandrade.net\/es\/wp-content\/uploads\/2021\/05\/IMG_0900-1536x1024.jpg 1536w, https:\/\/fundacionmariasilviaandrade.net\/es\/wp-content\/uploads\/2021\/05\/IMG_0900-2048x1365.jpg 2048w\" sizes=\"auto, (max-width: 1024px) 100vw, 1024px\" \/><\/figure><\/li><li class=\"blocks-gallery-item\"><figure><img loading=\"lazy\" decoding=\"async\" width=\"1024\" height=\"683\" src=\"https:\/\/fundacionmariasilviaandrade.net\/es\/wp-content\/uploads\/2021\/05\/IMG_0901-1024x683.jpg\" alt=\"\" data-id=\"433\" data-full-url=\"https:\/\/fundacionmariasilviaandrade.net\/es\/wp-content\/uploads\/2021\/05\/IMG_0901-scaled.jpg\" data-link=\"https:\/\/fundacionmariasilviaandrade.net\/es\/jornada-de-sensibilizacion-proyecto-habitantes-de-calle\/img_0901\/#main\" class=\"wp-image-433\" srcset=\"https:\/\/fundacionmariasilviaandrade.net\/es\/wp-content\/uploads\/2021\/05\/IMG_0901-1024x683.jpg 1024w, https:\/\/fundacionmariasilviaandrade.net\/es\/wp-content\/uploads\/2021\/05\/IMG_0901-300x200.jpg 300w, https:\/\/fundacionmariasilviaandrade.net\/es\/wp-content\/uploads\/2021\/05\/IMG_0901-768x512.jpg 768w, https:\/\/fundacionmariasilviaandrade.net\/es\/wp-content\/uploads\/2021\/05\/IMG_0901-1536x1024.jpg 1536w, https:\/\/fundacionmariasilviaandrade.net\/es\/wp-content\/uploads\/2021\/05\/IMG_0901-2048x1365.jpg 2048w\" sizes=\"auto, (max-width: 1024px) 100vw, 1024px\" \/><\/figure><\/li><li class=\"blocks-gallery-item\"><figure><img loading=\"lazy\" decoding=\"async\" width=\"1024\" height=\"683\" src=\"https:\/\/fundacionmariasilviaandrade.net\/es\/wp-content\/uploads\/2021\/05\/IMG_0902-1024x683.jpg\" alt=\"\" data-id=\"434\" data-full-url=\"https:\/\/fundacionmariasilviaandrade.net\/es\/wp-content\/uploads\/2021\/05\/IMG_0902-scaled.jpg\" data-link=\"https:\/\/fundacionmariasilviaandrade.net\/es\/jornada-de-sensibilizacion-proyecto-habitantes-de-calle\/img_0902\/#main\" class=\"wp-image-434\" srcset=\"https:\/\/fundacionmariasilviaandrade.net\/es\/wp-content\/uploads\/2021\/05\/IMG_0902-1024x683.jpg 1024w, https:\/\/fundacionmariasilviaandrade.net\/es\/wp-content\/uploads\/2021\/05\/IMG_0902-300x200.jpg 300w, https:\/\/fundacionmariasilviaandrade.net\/es\/wp-content\/uploads\/2021\/05\/IMG_0902-768x512.jpg 768w, https:\/\/fundacionmariasilviaandrade.net\/es\/wp-content\/uploads\/2021\/05\/IMG_0902-1536x1024.jpg 1536w, https:\/\/fundacionmariasilviaandrade.net\/es\/wp-content\/uploads\/2021\/05\/IMG_0902-2048x1365.jpg 2048w\" sizes=\"auto, (max-width: 1024px) 100vw, 1024px\" \/><\/figure><\/li><li class=\"blocks-gallery-item\"><figure><img loading=\"lazy\" decoding=\"async\" width=\"1024\" height=\"683\" src=\"https:\/\/fundacionmariasilviaandrade.net\/es\/wp-content\/uploads\/2021\/05\/IMG_0903-1024x683.jpg\" alt=\"\" data-id=\"435\" data-full-url=\"https:\/\/fundacionmariasilviaandrade.net\/es\/wp-content\/uploads\/2021\/05\/IMG_0903-scaled.jpg\" data-link=\"https:\/\/fundacionmariasilviaandrade.net\/es\/jornada-de-sensibilizacion-proyecto-habitantes-de-calle\/img_0903\/#main\" class=\"wp-image-435\" srcset=\"https:\/\/fundacionmariasilviaandrade.net\/es\/wp-content\/uploads\/2021\/05\/IMG_0903-1024x683.jpg 1024w, https:\/\/fundacionmariasilviaandrade.net\/es\/wp-content\/uploads\/2021\/05\/IMG_0903-300x200.jpg 300w, https:\/\/fundacionmariasilviaandrade.net\/es\/wp-content\/uploads\/2021\/05\/IMG_0903-768x512.jpg 768w, https:\/\/fundacionmariasilviaandrade.net\/es\/wp-content\/uploads\/2021\/05\/IMG_0903-1536x1024.jpg 1536w, https:\/\/fundacionmariasilviaandrade.net\/es\/wp-content\/uploads\/2021\/05\/IMG_0903-2048x1365.jpg 2048w\" sizes=\"auto, (max-width: 1024px) 100vw, 1024px\" \/><\/figure><\/li><li class=\"blocks-gallery-item\"><figure><img loading=\"lazy\" decoding=\"async\" width=\"1024\" height=\"683\" src=\"https:\/\/fundacionmariasilviaandrade.net\/es\/wp-content\/uploads\/2021\/05\/IMG_0904-1024x683.jpg\" alt=\"\" data-id=\"436\" data-full-url=\"https:\/\/fundacionmariasilviaandrade.net\/es\/wp-content\/uploads\/2021\/05\/IMG_0904-scaled.jpg\" data-link=\"https:\/\/fundacionmariasilviaandrade.net\/es\/jornada-de-sensibilizacion-proyecto-habitantes-de-calle\/img_0904\/#main\" class=\"wp-image-436\" srcset=\"https:\/\/fundacionmariasilviaandrade.net\/es\/wp-content\/uploads\/2021\/05\/IMG_0904-1024x683.jpg 1024w, https:\/\/fundacionmariasilviaandrade.net\/es\/wp-content\/uploads\/2021\/05\/IMG_0904-300x200.jpg 300w, https:\/\/fundacionmariasilviaandrade.net\/es\/wp-content\/uploads\/2021\/05\/IMG_0904-768x512.jpg 768w, https:\/\/fundacionmariasilviaandrade.net\/es\/wp-content\/uploads\/2021\/05\/IMG_0904-1536x1024.jpg 1536w, https:\/\/fundacionmariasilviaandrade.net\/es\/wp-content\/uploads\/2021\/05\/IMG_0904-2048x1365.jpg 2048w\" sizes=\"auto, (max-width: 1024px) 100vw, 1024px\" \/><\/figure><\/li><li class=\"blocks-gallery-item\"><figure><img loading=\"lazy\" decoding=\"async\" width=\"1024\" height=\"683\" src=\"https:\/\/fundacionmariasilviaandrade.net\/es\/wp-content\/uploads\/2021\/05\/IMG_0905-1024x683.jpg\" alt=\"\" data-id=\"437\" data-full-url=\"https:\/\/fundacionmariasilviaandrade.net\/es\/wp-content\/uploads\/2021\/05\/IMG_0905-scaled.jpg\" data-link=\"https:\/\/fundacionmariasilviaandrade.net\/es\/jornada-de-sensibilizacion-proyecto-habitantes-de-calle\/img_0905\/#main\" class=\"wp-image-437\" srcset=\"https:\/\/fundacionmariasilviaandrade.net\/es\/wp-content\/uploads\/2021\/05\/IMG_0905-1024x683.jpg 1024w, https:\/\/fundacionmariasilviaandrade.net\/es\/wp-content\/uploads\/2021\/05\/IMG_0905-300x200.jpg 300w, https:\/\/fundacionmariasilviaandrade.net\/es\/wp-content\/uploads\/2021\/05\/IMG_0905-768x512.jpg 768w, https:\/\/fundacionmariasilviaandrade.net\/es\/wp-content\/uploads\/2021\/05\/IMG_0905-1536x1024.jpg 1536w, https:\/\/fundacionmariasilviaandrade.net\/es\/wp-content\/uploads\/2021\/05\/IMG_0905-2048x1365.jpg 2048w\" sizes=\"auto, (max-width: 1024px) 100vw, 1024px\" \/><\/figure><\/li><li class=\"blocks-gallery-item\"><figure><img loading=\"lazy\" decoding=\"async\" width=\"1024\" height=\"683\" src=\"https:\/\/fundacionmariasilviaandrade.net\/es\/wp-content\/uploads\/2021\/05\/IMG_0910-1024x683.jpg\" alt=\"\" data-id=\"438\" data-full-url=\"https:\/\/fundacionmariasilviaandrade.net\/es\/wp-content\/uploads\/2021\/05\/IMG_0910-scaled.jpg\" data-link=\"https:\/\/fundacionmariasilviaandrade.net\/es\/jornada-de-sensibilizacion-proyecto-habitantes-de-calle\/img_0910\/#main\" class=\"wp-image-438\" srcset=\"https:\/\/fundacionmariasilviaandrade.net\/es\/wp-content\/uploads\/2021\/05\/IMG_0910-1024x683.jpg 1024w, https:\/\/fundacionmariasilviaandrade.net\/es\/wp-content\/uploads\/2021\/05\/IMG_0910-300x200.jpg 300w, https:\/\/fundacionmariasilviaandrade.net\/es\/wp-content\/uploads\/2021\/05\/IMG_0910-768x512.jpg 768w, https:\/\/fundacionmariasilviaandrade.net\/es\/wp-content\/uploads\/2021\/05\/IMG_0910-1536x1024.jpg 1536w, https:\/\/fundacionmariasilviaandrade.net\/es\/wp-content\/uploads\/2021\/05\/IMG_0910-2048x1365.jpg 2048w\" sizes=\"auto, (max-width: 1024px) 100vw, 1024px\" \/><\/figure><\/li><li class=\"blocks-gallery-item\"><figure><img loading=\"lazy\" decoding=\"async\" width=\"1024\" height=\"683\" src=\"https:\/\/fundacionmariasilviaandrade.net\/es\/wp-content\/uploads\/2021\/05\/IMG_0911-1024x683.jpg\" alt=\"\" data-id=\"439\" data-full-url=\"https:\/\/fundacionmariasilviaandrade.net\/es\/wp-content\/uploads\/2021\/05\/IMG_0911-scaled.jpg\" data-link=\"https:\/\/fundacionmariasilviaandrade.net\/es\/jornada-de-sensibilizacion-proyecto-habitantes-de-calle\/img_0911\/#main\" class=\"wp-image-439\" srcset=\"https:\/\/fundacionmariasilviaandrade.net\/es\/wp-content\/uploads\/2021\/05\/IMG_0911-1024x683.jpg 1024w, https:\/\/fundacionmariasilviaandrade.net\/es\/wp-content\/uploads\/2021\/05\/IMG_0911-300x200.jpg 300w, https:\/\/fundacionmariasilviaandrade.net\/es\/wp-content\/uploads\/2021\/05\/IMG_0911-768x512.jpg 768w, https:\/\/fundacionmariasilviaandrade.net\/es\/wp-content\/uploads\/2021\/05\/IMG_0911-1536x1024.jpg 1536w, https:\/\/fundacionmariasilviaandrade.net\/es\/wp-content\/uploads\/2021\/05\/IMG_0911-2048x1365.jpg 2048w\" sizes=\"auto, (max-width: 1024px) 100vw, 1024px\" \/><\/figure><\/li><li class=\"blocks-gallery-item\"><figure><img loading=\"lazy\" decoding=\"async\" width=\"1024\" height=\"683\" src=\"https:\/\/fundacionmariasilviaandrade.net\/es\/wp-content\/uploads\/2021\/05\/IMG_0912-1024x683.jpg\" alt=\"\" data-id=\"440\" data-full-url=\"https:\/\/fundacionmariasilviaandrade.net\/es\/wp-content\/uploads\/2021\/05\/IMG_0912-scaled.jpg\" data-link=\"https:\/\/fundacionmariasilviaandrade.net\/es\/jornada-de-sensibilizacion-proyecto-habitantes-de-calle\/img_0912\/#main\" class=\"wp-image-440\" srcset=\"https:\/\/fundacionmariasilviaandrade.net\/es\/wp-content\/uploads\/2021\/05\/IMG_0912-1024x683.jpg 1024w, https:\/\/fundacionmariasilviaandrade.net\/es\/wp-content\/uploads\/2021\/05\/IMG_0912-300x200.jpg 300w, https:\/\/fundacionmariasilviaandrade.net\/es\/wp-content\/uploads\/2021\/05\/IMG_0912-768x512.jpg 768w, https:\/\/fundacionmariasilviaandrade.net\/es\/wp-content\/uploads\/2021\/05\/IMG_0912-1536x1024.jpg 1536w, https:\/\/fundacionmariasilviaandrade.net\/es\/wp-content\/uploads\/2021\/05\/IMG_0912-2048x1365.jpg 2048w\" sizes=\"auto, (max-width: 1024px) 100vw, 1024px\" \/><\/figure><\/li><li class=\"blocks-gallery-item\"><figure><img loading=\"lazy\" decoding=\"async\" width=\"1024\" height=\"683\" src=\"https:\/\/fundacionmariasilviaandrade.net\/es\/wp-content\/uploads\/2021\/05\/IMG_0915-1024x683.jpg\" alt=\"\" data-id=\"441\" data-full-url=\"https:\/\/fundacionmariasilviaandrade.net\/es\/wp-content\/uploads\/2021\/05\/IMG_0915-scaled.jpg\" data-link=\"https:\/\/fundacionmariasilviaandrade.net\/es\/jornada-de-sensibilizacion-proyecto-habitantes-de-calle\/img_0915\/#main\" class=\"wp-image-441\" srcset=\"https:\/\/fundacionmariasilviaandrade.net\/es\/wp-content\/uploads\/2021\/05\/IMG_0915-1024x683.jpg 1024w, https:\/\/fundacionmariasilviaandrade.net\/es\/wp-content\/uploads\/2021\/05\/IMG_0915-300x200.jpg 300w, https:\/\/fundacionmariasilviaandrade.net\/es\/wp-content\/uploads\/2021\/05\/IMG_0915-768x512.jpg 768w, https:\/\/fundacionmariasilviaandrade.net\/es\/wp-content\/uploads\/2021\/05\/IMG_0915-1536x1024.jpg 1536w, https:\/\/fundacionmariasilviaandrade.net\/es\/wp-content\/uploads\/2021\/05\/IMG_0915-2048x1365.jpg 2048w\" sizes=\"auto, (max-width: 1024px) 100vw, 1024px\" \/><\/figure><\/li><li class=\"blocks-gallery-item\"><figure><img loading=\"lazy\" decoding=\"async\" width=\"1024\" height=\"683\" src=\"https:\/\/fundacionmariasilviaandrade.net\/es\/wp-content\/uploads\/2021\/05\/IMG_0917-1024x683.jpg\" alt=\"\" data-id=\"442\" data-full-url=\"https:\/\/fundacionmariasilviaandrade.net\/es\/wp-content\/uploads\/2021\/05\/IMG_0917-scaled.jpg\" data-link=\"https:\/\/fundacionmariasilviaandrade.net\/es\/jornada-de-sensibilizacion-proyecto-habitantes-de-calle\/img_0917\/#main\" class=\"wp-image-442\" srcset=\"https:\/\/fundacionmariasilviaandrade.net\/es\/wp-content\/uploads\/2021\/05\/IMG_0917-1024x683.jpg 1024w, https:\/\/fundacionmariasilviaandrade.net\/es\/wp-content\/uploads\/2021\/05\/IMG_0917-300x200.jpg 300w, https:\/\/fundacionmariasilviaandrade.net\/es\/wp-content\/uploads\/2021\/05\/IMG_0917-768x512.jpg 768w, https:\/\/fundacionmariasilviaandrade.net\/es\/wp-content\/uploads\/2021\/05\/IMG_0917-1536x1024.jpg 1536w, https:\/\/fundacionmariasilviaandrade.net\/es\/wp-content\/uploads\/2021\/05\/IMG_0917-2048x1365.jpg 2048w\" sizes=\"auto, (max-width: 1024px) 100vw, 1024px\" \/><\/figure><\/li><li class=\"blocks-gallery-item\"><figure><img loading=\"lazy\" decoding=\"async\" width=\"1024\" height=\"683\" src=\"https:\/\/fundacionmariasilviaandrade.net\/es\/wp-content\/uploads\/2021\/05\/IMG_0919-1024x683.jpg\" alt=\"\" data-id=\"443\" data-full-url=\"https:\/\/fundacionmariasilviaandrade.net\/es\/wp-content\/uploads\/2021\/05\/IMG_0919-scaled.jpg\" data-link=\"https:\/\/fundacionmariasilviaandrade.net\/es\/jornada-de-sensibilizacion-proyecto-habitantes-de-calle\/img_0919\/#main\" class=\"wp-image-443\" srcset=\"https:\/\/fundacionmariasilviaandrade.net\/es\/wp-content\/uploads\/2021\/05\/IMG_0919-1024x683.jpg 1024w, https:\/\/fundacionmariasilviaandrade.net\/es\/wp-content\/uploads\/2021\/05\/IMG_0919-300x200.jpg 300w, https:\/\/fundacionmariasilviaandrade.net\/es\/wp-content\/uploads\/2021\/05\/IMG_0919-768x512.jpg 768w, https:\/\/fundacionmariasilviaandrade.net\/es\/wp-content\/uploads\/2021\/05\/IMG_0919-1536x1024.jpg 1536w, https:\/\/fundacionmariasilviaandrade.net\/es\/wp-content\/uploads\/2021\/05\/IMG_0919-2048x1365.jpg 2048w\" sizes=\"auto, (max-width: 1024px) 100vw, 1024px\" \/><\/figure><\/li><li class=\"blocks-gallery-item\"><figure><img loading=\"lazy\" decoding=\"async\" width=\"1024\" height=\"683\" src=\"https:\/\/fundacionmariasilviaandrade.net\/es\/wp-content\/uploads\/2021\/05\/IMG_0920-1024x683.jpg\" alt=\"\" data-id=\"444\" data-full-url=\"https:\/\/fundacionmariasilviaandrade.net\/es\/wp-content\/uploads\/2021\/05\/IMG_0920-scaled.jpg\" data-link=\"https:\/\/fundacionmariasilviaandrade.net\/es\/jornada-de-sensibilizacion-proyecto-habitantes-de-calle\/img_0920\/#main\" class=\"wp-image-444\" srcset=\"https:\/\/fundacionmariasilviaandrade.net\/es\/wp-content\/uploads\/2021\/05\/IMG_0920-1024x683.jpg 1024w, https:\/\/fundacionmariasilviaandrade.net\/es\/wp-content\/uploads\/2021\/05\/IMG_0920-300x200.jpg 300w, https:\/\/fundacionmariasilviaandrade.net\/es\/wp-content\/uploads\/2021\/05\/IMG_0920-768x512.jpg 768w, https:\/\/fundacionmariasilviaandrade.net\/es\/wp-content\/uploads\/2021\/05\/IMG_0920-1536x1024.jpg 1536w, https:\/\/fundacionmariasilviaandrade.net\/es\/wp-content\/uploads\/2021\/05\/IMG_0920-2048x1365.jpg 2048w\" sizes=\"auto, (max-width: 1024px) 100vw, 1024px\" \/><\/figure><\/li><li class=\"blocks-gallery-item\"><figure><img loading=\"lazy\" decoding=\"async\" width=\"1024\" height=\"683\" src=\"https:\/\/fundacionmariasilviaandrade.net\/es\/wp-content\/uploads\/2021\/05\/IMG_0921-1024x683.jpg\" alt=\"\" data-id=\"445\" data-full-url=\"https:\/\/fundacionmariasilviaandrade.net\/es\/wp-content\/uploads\/2021\/05\/IMG_0921-scaled.jpg\" data-link=\"https:\/\/fundacionmariasilviaandrade.net\/es\/jornada-de-sensibilizacion-proyecto-habitantes-de-calle\/img_0921\/#main\" class=\"wp-image-445\" srcset=\"https:\/\/fundacionmariasilviaandrade.net\/es\/wp-content\/uploads\/2021\/05\/IMG_0921-1024x683.jpg 1024w, https:\/\/fundacionmariasilviaandrade.net\/es\/wp-content\/uploads\/2021\/05\/IMG_0921-300x200.jpg 300w, https:\/\/fundacionmariasilviaandrade.net\/es\/wp-content\/uploads\/2021\/05\/IMG_0921-768x512.jpg 768w, https:\/\/fundacionmariasilviaandrade.net\/es\/wp-content\/uploads\/2021\/05\/IMG_0921-1536x1024.jpg 1536w, https:\/\/fundacionmariasilviaandrade.net\/es\/wp-content\/uploads\/2021\/05\/IMG_0921-2048x1365.jpg 2048w\" sizes=\"auto, (max-width: 1024px) 100vw, 1024px\" \/><\/figure><\/li><li class=\"blocks-gallery-item\"><figure><img loading=\"lazy\" decoding=\"async\" width=\"1024\" height=\"683\" src=\"https:\/\/fundacionmariasilviaandrade.net\/es\/wp-content\/uploads\/2021\/05\/IMG_0928-1024x683.jpg\" alt=\"\" data-id=\"446\" data-full-url=\"https:\/\/fundacionmariasilviaandrade.net\/es\/wp-content\/uploads\/2021\/05\/IMG_0928-scaled.jpg\" data-link=\"https:\/\/fundacionmariasilviaandrade.net\/es\/jornada-de-sensibilizacion-proyecto-habitantes-de-calle\/img_0928\/#main\" class=\"wp-image-446\" srcset=\"https:\/\/fundacionmariasilviaandrade.net\/es\/wp-content\/uploads\/2021\/05\/IMG_0928-1024x683.jpg 1024w, https:\/\/fundacionmariasilviaandrade.net\/es\/wp-content\/uploads\/2021\/05\/IMG_0928-300x200.jpg 300w, https:\/\/fundacionmariasilviaandrade.net\/es\/wp-content\/uploads\/2021\/05\/IMG_0928-768x512.jpg 768w, https:\/\/fundacionmariasilviaandrade.net\/es\/wp-content\/uploads\/2021\/05\/IMG_0928-1536x1024.jpg 1536w, https:\/\/fundacionmariasilviaandrade.net\/es\/wp-content\/uploads\/2021\/05\/IMG_0928-2048x1365.jpg 2048w\" sizes=\"auto, (max-width: 1024px) 100vw, 1024px\" \/><\/figure><\/li><li class=\"blocks-gallery-item\"><figure><img loading=\"lazy\" decoding=\"async\" width=\"1024\" height=\"683\" src=\"https:\/\/fundacionmariasilviaandrade.net\/es\/wp-content\/uploads\/2021\/05\/IMG_0931-1024x683.jpg\" alt=\"\" data-id=\"447\" data-full-url=\"https:\/\/fundacionmariasilviaandrade.net\/es\/wp-content\/uploads\/2021\/05\/IMG_0931-scaled.jpg\" data-link=\"https:\/\/fundacionmariasilviaandrade.net\/es\/jornada-de-sensibilizacion-proyecto-habitantes-de-calle\/img_0931\/#main\" class=\"wp-image-447\" srcset=\"https:\/\/fundacionmariasilviaandrade.net\/es\/wp-content\/uploads\/2021\/05\/IMG_0931-1024x683.jpg 1024w, https:\/\/fundacionmariasilviaandrade.net\/es\/wp-content\/uploads\/2021\/05\/IMG_0931-300x200.jpg 300w, https:\/\/fundacionmariasilviaandrade.net\/es\/wp-content\/uploads\/2021\/05\/IMG_0931-768x512.jpg 768w, https:\/\/fundacionmariasilviaandrade.net\/es\/wp-content\/uploads\/2021\/05\/IMG_0931-1536x1024.jpg 1536w, https:\/\/fundacionmariasilviaandrade.net\/es\/wp-content\/uploads\/2021\/05\/IMG_0931-2048x1365.jpg 2048w\" sizes=\"auto, (max-width: 1024px) 100vw, 1024px\" \/><\/figure><\/li><li class=\"blocks-gallery-item\"><figure><img loading=\"lazy\" decoding=\"async\" width=\"1024\" height=\"683\" src=\"https:\/\/fundacionmariasilviaandrade.net\/es\/wp-content\/uploads\/2021\/05\/IMG_0934-1024x683.jpg\" alt=\"\" data-id=\"448\" data-full-url=\"https:\/\/fundacionmariasilviaandrade.net\/es\/wp-content\/uploads\/2021\/05\/IMG_0934-scaled.jpg\" data-link=\"https:\/\/fundacionmariasilviaandrade.net\/es\/jornada-de-sensibilizacion-proyecto-habitantes-de-calle\/img_0934\/#main\" class=\"wp-image-448\" srcset=\"https:\/\/fundacionmariasilviaandrade.net\/es\/wp-content\/uploads\/2021\/05\/IMG_0934-1024x683.jpg 1024w, https:\/\/fundacionmariasilviaandrade.net\/es\/wp-content\/uploads\/2021\/05\/IMG_0934-300x200.jpg 300w, https:\/\/fundacionmariasilviaandrade.net\/es\/wp-content\/uploads\/2021\/05\/IMG_0934-768x512.jpg 768w, https:\/\/fundacionmariasilviaandrade.net\/es\/wp-content\/uploads\/2021\/05\/IMG_0934-1536x1024.jpg 1536w, https:\/\/fundacionmariasilviaandrade.net\/es\/wp-content\/uploads\/2021\/05\/IMG_0934-2048x1365.jpg 2048w\" sizes=\"auto, (max-width: 1024px) 100vw, 1024px\" \/><\/figure><\/li><li class=\"blocks-gallery-item\"><figure><img loading=\"lazy\" decoding=\"async\" width=\"1024\" height=\"683\" src=\"https:\/\/fundacionmariasilviaandrade.net\/es\/wp-content\/uploads\/2021\/05\/IMG_0935-1024x683.jpg\" alt=\"\" data-id=\"449\" data-full-url=\"https:\/\/fundacionmariasilviaandrade.net\/es\/wp-content\/uploads\/2021\/05\/IMG_0935-scaled.jpg\" data-link=\"https:\/\/fundacionmariasilviaandrade.net\/es\/jornada-de-sensibilizacion-proyecto-habitantes-de-calle\/img_0935\/#main\" class=\"wp-image-449\" srcset=\"https:\/\/fundacionmariasilviaandrade.net\/es\/wp-content\/uploads\/2021\/05\/IMG_0935-1024x683.jpg 1024w, https:\/\/fundacionmariasilviaandrade.net\/es\/wp-content\/uploads\/2021\/05\/IMG_0935-300x200.jpg 300w, https:\/\/fundacionmariasilviaandrade.net\/es\/wp-content\/uploads\/2021\/05\/IMG_0935-768x512.jpg 768w, https:\/\/fundacionmariasilviaandrade.net\/es\/wp-content\/uploads\/2021\/05\/IMG_0935-1536x1024.jpg 1536w, https:\/\/fundacionmariasilviaandrade.net\/es\/wp-content\/uploads\/2021\/05\/IMG_0935-2048x1365.jpg 2048w\" sizes=\"auto, (max-width: 1024px) 100vw, 1024px\" \/><\/figure><\/li><li class=\"blocks-gallery-item\"><figure><img loading=\"lazy\" decoding=\"async\" width=\"1024\" height=\"683\" src=\"https:\/\/fundacionmariasilviaandrade.net\/es\/wp-content\/uploads\/2021\/05\/IMG_0937-1024x683.jpg\" alt=\"\" data-id=\"450\" data-full-url=\"https:\/\/fundacionmariasilviaandrade.net\/es\/wp-content\/uploads\/2021\/05\/IMG_0937-scaled.jpg\" data-link=\"https:\/\/fundacionmariasilviaandrade.net\/es\/jornada-de-sensibilizacion-proyecto-habitantes-de-calle\/img_0937\/#main\" class=\"wp-image-450\" srcset=\"https:\/\/fundacionmariasilviaandrade.net\/es\/wp-content\/uploads\/2021\/05\/IMG_0937-1024x683.jpg 1024w, https:\/\/fundacionmariasilviaandrade.net\/es\/wp-content\/uploads\/2021\/05\/IMG_0937-300x200.jpg 300w, https:\/\/fundacionmariasilviaandrade.net\/es\/wp-content\/uploads\/2021\/05\/IMG_0937-768x512.jpg 768w, https:\/\/fundacionmariasilviaandrade.net\/es\/wp-content\/uploads\/2021\/05\/IMG_0937-1536x1024.jpg 1536w, https:\/\/fundacionmariasilviaandrade.net\/es\/wp-content\/uploads\/2021\/05\/IMG_0937-2048x1365.jpg 2048w\" sizes=\"auto, (max-width: 1024px) 100vw, 1024px\" \/><\/figure><\/li><li class=\"blocks-gallery-item\"><figure><img loading=\"lazy\" decoding=\"async\" width=\"1024\" height=\"683\" src=\"https:\/\/fundacionmariasilviaandrade.net\/es\/wp-content\/uploads\/2021\/05\/IMG_0939-1024x683.jpg\" alt=\"\" data-id=\"451\" data-full-url=\"https:\/\/fundacionmariasilviaandrade.net\/es\/wp-content\/uploads\/2021\/05\/IMG_0939-scaled.jpg\" data-link=\"https:\/\/fundacionmariasilviaandrade.net\/es\/jornada-de-sensibilizacion-proyecto-habitantes-de-calle\/img_0939\/#main\" class=\"wp-image-451\" srcset=\"https:\/\/fundacionmariasilviaandrade.net\/es\/wp-content\/uploads\/2021\/05\/IMG_0939-1024x683.jpg 1024w, https:\/\/fundacionmariasilviaandrade.net\/es\/wp-content\/uploads\/2021\/05\/IMG_0939-300x200.jpg 300w, https:\/\/fundacionmariasilviaandrade.net\/es\/wp-content\/uploads\/2021\/05\/IMG_0939-768x512.jpg 768w, https:\/\/fundacionmariasilviaandrade.net\/es\/wp-content\/uploads\/2021\/05\/IMG_0939-1536x1024.jpg 1536w, https:\/\/fundacionmariasilviaandrade.net\/es\/wp-content\/uploads\/2021\/05\/IMG_0939-2048x1365.jpg 2048w\" sizes=\"auto, (max-width: 1024px) 100vw, 1024px\" \/><\/figure><\/li><li class=\"blocks-gallery-item\"><figure><img loading=\"lazy\" decoding=\"async\" width=\"1024\" height=\"683\" src=\"https:\/\/fundacionmariasilviaandrade.net\/es\/wp-content\/uploads\/2021\/05\/IMG_0940-1024x683.jpg\" alt=\"\" data-id=\"452\" data-full-url=\"https:\/\/fundacionmariasilviaandrade.net\/es\/wp-content\/uploads\/2021\/05\/IMG_0940-scaled.jpg\" data-link=\"https:\/\/fundacionmariasilviaandrade.net\/es\/jornada-de-sensibilizacion-proyecto-habitantes-de-calle\/img_0940\/#main\" class=\"wp-image-452\" srcset=\"https:\/\/fundacionmariasilviaandrade.net\/es\/wp-content\/uploads\/2021\/05\/IMG_0940-1024x683.jpg 1024w, https:\/\/fundacionmariasilviaandrade.net\/es\/wp-content\/uploads\/2021\/05\/IMG_0940-300x200.jpg 300w, https:\/\/fundacionmariasilviaandrade.net\/es\/wp-content\/uploads\/2021\/05\/IMG_0940-768x512.jpg 768w, https:\/\/fundacionmariasilviaandrade.net\/es\/wp-content\/uploads\/2021\/05\/IMG_0940-1536x1024.jpg 1536w, https:\/\/fundacionmariasilviaandrade.net\/es\/wp-content\/uploads\/2021\/05\/IMG_0940-2048x1365.jpg 2048w\" sizes=\"auto, (max-width: 1024px) 100vw, 1024px\" \/><\/figure><\/li><li class=\"blocks-gallery-item\"><figure><img loading=\"lazy\" decoding=\"async\" width=\"1024\" height=\"683\" src=\"https:\/\/fundacionmariasilviaandrade.net\/es\/wp-content\/uploads\/2021\/05\/IMG_0942-1024x683.jpg\" alt=\"\" data-id=\"453\" data-full-url=\"https:\/\/fundacionmariasilviaandrade.net\/es\/wp-content\/uploads\/2021\/05\/IMG_0942-scaled.jpg\" data-link=\"https:\/\/fundacionmariasilviaandrade.net\/es\/jornada-de-sensibilizacion-proyecto-habitantes-de-calle\/img_0942\/#main\" class=\"wp-image-453\" srcset=\"https:\/\/fundacionmariasilviaandrade.net\/es\/wp-content\/uploads\/2021\/05\/IMG_0942-1024x683.jpg 1024w, https:\/\/fundacionmariasilviaandrade.net\/es\/wp-content\/uploads\/2021\/05\/IMG_0942-300x200.jpg 300w, https:\/\/fundacionmariasilviaandrade.net\/es\/wp-content\/uploads\/2021\/05\/IMG_0942-768x512.jpg 768w, https:\/\/fundacionmariasilviaandrade.net\/es\/wp-content\/uploads\/2021\/05\/IMG_0942-1536x1024.jpg 1536w, https:\/\/fundacionmariasilviaandrade.net\/es\/wp-content\/uploads\/2021\/05\/IMG_0942-2048x1365.jpg 2048w\" sizes=\"auto, (max-width: 1024px) 100vw, 1024px\" \/><\/figure><\/li><li class=\"blocks-gallery-item\"><figure><img loading=\"lazy\" decoding=\"async\" width=\"1024\" height=\"683\" src=\"https:\/\/fundacionmariasilviaandrade.net\/es\/wp-content\/uploads\/2021\/05\/IMG_0943-1024x683.jpg\" alt=\"\" data-id=\"454\" data-full-url=\"https:\/\/fundacionmariasilviaandrade.net\/es\/wp-content\/uploads\/2021\/05\/IMG_0943-scaled.jpg\" data-link=\"https:\/\/fundacionmariasilviaandrade.net\/es\/jornada-de-sensibilizacion-proyecto-habitantes-de-calle\/img_0943\/#main\" class=\"wp-image-454\" srcset=\"https:\/\/fundacionmariasilviaandrade.net\/es\/wp-content\/uploads\/2021\/05\/IMG_0943-1024x683.jpg 1024w, https:\/\/fundacionmariasilviaandrade.net\/es\/wp-content\/uploads\/2021\/05\/IMG_0943-300x200.jpg 300w, https:\/\/fundacionmariasilviaandrade.net\/es\/wp-content\/uploads\/2021\/05\/IMG_0943-768x512.jpg 768w, https:\/\/fundacionmariasilviaandrade.net\/es\/wp-content\/uploads\/2021\/05\/IMG_0943-1536x1024.jpg 1536w, https:\/\/fundacionmariasilviaandrade.net\/es\/wp-content\/uploads\/2021\/05\/IMG_0943-2048x1365.jpg 2048w\" sizes=\"auto, (max-width: 1024px) 100vw, 1024px\" \/><\/figure><\/li><li class=\"blocks-gallery-item\"><figure><img loading=\"lazy\" decoding=\"async\" width=\"1024\" height=\"683\" src=\"https:\/\/fundacionmariasilviaandrade.net\/es\/wp-content\/uploads\/2021\/05\/IMG_0945-1024x683.jpg\" alt=\"\" data-id=\"455\" data-full-url=\"https:\/\/fundacionmariasilviaandrade.net\/es\/wp-content\/uploads\/2021\/05\/IMG_0945-scaled.jpg\" data-link=\"https:\/\/fundacionmariasilviaandrade.net\/es\/jornada-de-sensibilizacion-proyecto-habitantes-de-calle\/img_0945\/#main\" class=\"wp-image-455\" srcset=\"https:\/\/fundacionmariasilviaandrade.net\/es\/wp-content\/uploads\/2021\/05\/IMG_0945-1024x683.jpg 1024w, https:\/\/fundacionmariasilviaandrade.net\/es\/wp-content\/uploads\/2021\/05\/IMG_0945-300x200.jpg 300w, https:\/\/fundacionmariasilviaandrade.net\/es\/wp-content\/uploads\/2021\/05\/IMG_0945-768x512.jpg 768w, https:\/\/fundacionmariasilviaandrade.net\/es\/wp-content\/uploads\/2021\/05\/IMG_0945-1536x1024.jpg 1536w, https:\/\/fundacionmariasilviaandrade.net\/es\/wp-content\/uploads\/2021\/05\/IMG_0945-2048x1365.jpg 2048w\" sizes=\"auto, (max-width: 1024px) 100vw, 1024px\" \/><\/figure><\/li><li class=\"blocks-gallery-item\"><figure><img loading=\"lazy\" decoding=\"async\" width=\"1024\" height=\"683\" src=\"https:\/\/fundacionmariasilviaandrade.net\/es\/wp-content\/uploads\/2021\/05\/IMG_0946-1024x683.jpg\" alt=\"\" data-id=\"456\" data-full-url=\"https:\/\/fundacionmariasilviaandrade.net\/es\/wp-content\/uploads\/2021\/05\/IMG_0946-scaled.jpg\" data-link=\"https:\/\/fundacionmariasilviaandrade.net\/es\/jornada-de-sensibilizacion-proyecto-habitantes-de-calle\/img_0946\/#main\" class=\"wp-image-456\" srcset=\"https:\/\/fundacionmariasilviaandrade.net\/es\/wp-content\/uploads\/2021\/05\/IMG_0946-1024x683.jpg 1024w, https:\/\/fundacionmariasilviaandrade.net\/es\/wp-content\/uploads\/2021\/05\/IMG_0946-300x200.jpg 300w, https:\/\/fundacionmariasilviaandrade.net\/es\/wp-content\/uploads\/2021\/05\/IMG_0946-768x512.jpg 768w, https:\/\/fundacionmariasilviaandrade.net\/es\/wp-content\/uploads\/2021\/05\/IMG_0946-1536x1024.jpg 1536w, https:\/\/fundacionmariasilviaandrade.net\/es\/wp-content\/uploads\/2021\/05\/IMG_0946-2048x1365.jpg 2048w\" sizes=\"auto, (max-width: 1024px) 100vw, 1024px\" \/><\/figure><\/li><li class=\"blocks-gallery-item\"><figure><img loading=\"lazy\" decoding=\"async\" width=\"1024\" height=\"683\" src=\"https:\/\/fundacionmariasilviaandrade.net\/es\/wp-content\/uploads\/2021\/05\/IMG_0947-1024x683.jpg\" alt=\"\" data-id=\"457\" data-full-url=\"https:\/\/fundacionmariasilviaandrade.net\/es\/wp-content\/uploads\/2021\/05\/IMG_0947-scaled.jpg\" data-link=\"https:\/\/fundacionmariasilviaandrade.net\/es\/jornada-de-sensibilizacion-proyecto-habitantes-de-calle\/img_0947\/#main\" class=\"wp-image-457\" srcset=\"https:\/\/fundacionmariasilviaandrade.net\/es\/wp-content\/uploads\/2021\/05\/IMG_0947-1024x683.jpg 1024w, https:\/\/fundacionmariasilviaandrade.net\/es\/wp-content\/uploads\/2021\/05\/IMG_0947-300x200.jpg 300w, https:\/\/fundacionmariasilviaandrade.net\/es\/wp-content\/uploads\/2021\/05\/IMG_0947-768x512.jpg 768w, https:\/\/fundacionmariasilviaandrade.net\/es\/wp-content\/uploads\/2021\/05\/IMG_0947-1536x1024.jpg 1536w, https:\/\/fundacionmariasilviaandrade.net\/es\/wp-content\/uploads\/2021\/05\/IMG_0947-2048x1365.jpg 2048w\" sizes=\"auto, (max-width: 1024px) 100vw, 1024px\" \/><\/figure><\/li><li class=\"blocks-gallery-item\"><figure><img loading=\"lazy\" decoding=\"async\" width=\"1024\" height=\"683\" src=\"https:\/\/fundacionmariasilviaandrade.net\/es\/wp-content\/uploads\/2021\/05\/IMG_0948-1024x683.jpg\" alt=\"\" data-id=\"458\" data-full-url=\"https:\/\/fundacionmariasilviaandrade.net\/es\/wp-content\/uploads\/2021\/05\/IMG_0948-scaled.jpg\" data-link=\"https:\/\/fundacionmariasilviaandrade.net\/es\/jornada-de-sensibilizacion-proyecto-habitantes-de-calle\/img_0948\/#main\" class=\"wp-image-458\" srcset=\"https:\/\/fundacionmariasilviaandrade.net\/es\/wp-content\/uploads\/2021\/05\/IMG_0948-1024x683.jpg 1024w, https:\/\/fundacionmariasilviaandrade.net\/es\/wp-content\/uploads\/2021\/05\/IMG_0948-300x200.jpg 300w, https:\/\/fundacionmariasilviaandrade.net\/es\/wp-content\/uploads\/2021\/05\/IMG_0948-768x512.jpg 768w, https:\/\/fundacionmariasilviaandrade.net\/es\/wp-content\/uploads\/2021\/05\/IMG_0948-1536x1024.jpg 1536w, https:\/\/fundacionmariasilviaandrade.net\/es\/wp-content\/uploads\/2021\/05\/IMG_0948-2048x1365.jpg 2048w\" sizes=\"auto, (max-width: 1024px) 100vw, 1024px\" \/><\/figure><\/li><li class=\"blocks-gallery-item\"><figure><img loading=\"lazy\" decoding=\"async\" width=\"1024\" height=\"683\" src=\"https:\/\/fundacionmariasilviaandrade.net\/es\/wp-content\/uploads\/2021\/05\/IMG_0949-1024x683.jpg\" alt=\"\" data-id=\"459\" data-full-url=\"https:\/\/fundacionmariasilviaandrade.net\/es\/wp-content\/uploads\/2021\/05\/IMG_0949-scaled.jpg\" data-link=\"https:\/\/fundacionmariasilviaandrade.net\/es\/jornada-de-sensibilizacion-proyecto-habitantes-de-calle\/img_0949\/#main\" class=\"wp-image-459\" srcset=\"https:\/\/fundacionmariasilviaandrade.net\/es\/wp-content\/uploads\/2021\/05\/IMG_0949-1024x683.jpg 1024w, https:\/\/fundacionmariasilviaandrade.net\/es\/wp-content\/uploads\/2021\/05\/IMG_0949-300x200.jpg 300w, https:\/\/fundacionmariasilviaandrade.net\/es\/wp-content\/uploads\/2021\/05\/IMG_0949-768x512.jpg 768w, https:\/\/fundacionmariasilviaandrade.net\/es\/wp-content\/uploads\/2021\/05\/IMG_0949-1536x1024.jpg 1536w, https:\/\/fundacionmariasilviaandrade.net\/es\/wp-content\/uploads\/2021\/05\/IMG_0949-2048x1365.jpg 2048w\" sizes=\"auto, (max-width: 1024px) 100vw, 1024px\" \/><\/figure><\/li><li class=\"blocks-gallery-item\"><figure><img loading=\"lazy\" decoding=\"async\" width=\"1024\" height=\"683\" src=\"https:\/\/fundacionmariasilviaandrade.net\/es\/wp-content\/uploads\/2021\/05\/IMG_0950-1024x683.jpg\" alt=\"\" data-id=\"460\" data-full-url=\"https:\/\/fundacionmariasilviaandrade.net\/es\/wp-content\/uploads\/2021\/05\/IMG_0950-scaled.jpg\" data-link=\"https:\/\/fundacionmariasilviaandrade.net\/es\/jornada-de-sensibilizacion-proyecto-habitantes-de-calle\/img_0950\/#main\" class=\"wp-image-460\" srcset=\"https:\/\/fundacionmariasilviaandrade.net\/es\/wp-content\/uploads\/2021\/05\/IMG_0950-1024x683.jpg 1024w, https:\/\/fundacionmariasilviaandrade.net\/es\/wp-content\/uploads\/2021\/05\/IMG_0950-300x200.jpg 300w, https:\/\/fundacionmariasilviaandrade.net\/es\/wp-content\/uploads\/2021\/05\/IMG_0950-768x512.jpg 768w, https:\/\/fundacionmariasilviaandrade.net\/es\/wp-content\/uploads\/2021\/05\/IMG_0950-1536x1024.jpg 1536w, https:\/\/fundacionmariasilviaandrade.net\/es\/wp-content\/uploads\/2021\/05\/IMG_0950-2048x1365.jpg 2048w\" sizes=\"auto, (max-width: 1024px) 100vw, 1024px\" \/><\/figure><\/li><li class=\"blocks-gallery-item\"><figure><img loading=\"lazy\" decoding=\"async\" width=\"1024\" height=\"681\" src=\"https:\/\/fundacionmariasilviaandrade.net\/es\/wp-content\/uploads\/2021\/05\/IMG_0951-1024x681.jpg\" alt=\"\" data-id=\"461\" data-full-url=\"https:\/\/fundacionmariasilviaandrade.net\/es\/wp-content\/uploads\/2021\/05\/IMG_0951-scaled.jpg\" data-link=\"https:\/\/fundacionmariasilviaandrade.net\/es\/jornada-de-sensibilizacion-proyecto-habitantes-de-calle\/img_0951\/#main\" class=\"wp-image-461\" srcset=\"https:\/\/fundacionmariasilviaandrade.net\/es\/wp-content\/uploads\/2021\/05\/IMG_0951-1024x681.jpg 1024w, https:\/\/fundacionmariasilviaandrade.net\/es\/wp-content\/uploads\/2021\/05\/IMG_0951-300x200.jpg 300w, https:\/\/fundacionmariasilviaandrade.net\/es\/wp-content\/uploads\/2021\/05\/IMG_0951-768x511.jpg 768w, https:\/\/fundacionmariasilviaandrade.net\/es\/wp-content\/uploads\/2021\/05\/IMG_0951-1536x1022.jpg 1536w, https:\/\/fundacionmariasilviaandrade.net\/es\/wp-content\/uploads\/2021\/05\/IMG_0951-2048x1363.jpg 2048w\" sizes=\"auto, (max-width: 1024px) 100vw, 1024px\" \/><\/figure><\/li><li class=\"blocks-gallery-item\"><figure><img loading=\"lazy\" decoding=\"async\" width=\"1024\" height=\"683\" src=\"https:\/\/fundacionmariasilviaandrade.net\/es\/wp-content\/uploads\/2021\/05\/IMG_0952-1024x683.jpg\" alt=\"\" data-id=\"462\" data-full-url=\"https:\/\/fundacionmariasilviaandrade.net\/es\/wp-content\/uploads\/2021\/05\/IMG_0952-scaled.jpg\" data-link=\"https:\/\/fundacionmariasilviaandrade.net\/es\/jornada-de-sensibilizacion-proyecto-habitantes-de-calle\/img_0952\/#main\" class=\"wp-image-462\" srcset=\"https:\/\/fundacionmariasilviaandrade.net\/es\/wp-content\/uploads\/2021\/05\/IMG_0952-1024x683.jpg 1024w, https:\/\/fundacionmariasilviaandrade.net\/es\/wp-content\/uploads\/2021\/05\/IMG_0952-300x200.jpg 300w, https:\/\/fundacionmariasilviaandrade.net\/es\/wp-content\/uploads\/2021\/05\/IMG_0952-768x512.jpg 768w, https:\/\/fundacionmariasilviaandrade.net\/es\/wp-content\/uploads\/2021\/05\/IMG_0952-1536x1024.jpg 1536w, https:\/\/fundacionmariasilviaandrade.net\/es\/wp-content\/uploads\/2021\/05\/IMG_0952-2048x1365.jpg 2048w\" sizes=\"auto, (max-width: 1024px) 100vw, 1024px\" \/><\/figure><\/li><li class=\"blocks-gallery-item\"><figure><img loading=\"lazy\" decoding=\"async\" width=\"1024\" height=\"683\" src=\"https:\/\/fundacionmariasilviaandrade.net\/es\/wp-content\/uploads\/2021\/05\/IMG_0953-1024x683.jpg\" alt=\"\" data-id=\"463\" data-full-url=\"https:\/\/fundacionmariasilviaandrade.net\/es\/wp-content\/uploads\/2021\/05\/IMG_0953-scaled.jpg\" data-link=\"https:\/\/fundacionmariasilviaandrade.net\/es\/jornada-de-sensibilizacion-proyecto-habitantes-de-calle\/img_0953\/#main\" class=\"wp-image-463\" srcset=\"https:\/\/fundacionmariasilviaandrade.net\/es\/wp-content\/uploads\/2021\/05\/IMG_0953-1024x683.jpg 1024w, https:\/\/fundacionmariasilviaandrade.net\/es\/wp-content\/uploads\/2021\/05\/IMG_0953-300x200.jpg 300w, https:\/\/fundacionmariasilviaandrade.net\/es\/wp-content\/uploads\/2021\/05\/IMG_0953-768x512.jpg 768w, https:\/\/fundacionmariasilviaandrade.net\/es\/wp-content\/uploads\/2021\/05\/IMG_0953-1536x1024.jpg 1536w, https:\/\/fundacionmariasilviaandrade.net\/es\/wp-content\/uploads\/2021\/05\/IMG_0953-2048x1365.jpg 2048w\" sizes=\"auto, (max-width: 1024px) 100vw, 1024px\" \/><\/figure><\/li><li class=\"blocks-gallery-item\"><figure><img loading=\"lazy\" decoding=\"async\" width=\"1024\" height=\"683\" src=\"https:\/\/fundacionmariasilviaandrade.net\/es\/wp-content\/uploads\/2021\/05\/IMG_0955-1024x683.jpg\" alt=\"\" data-id=\"464\" data-full-url=\"https:\/\/fundacionmariasilviaandrade.net\/es\/wp-content\/uploads\/2021\/05\/IMG_0955-scaled.jpg\" data-link=\"https:\/\/fundacionmariasilviaandrade.net\/es\/jornada-de-sensibilizacion-proyecto-habitantes-de-calle\/img_0955\/#main\" class=\"wp-image-464\" srcset=\"https:\/\/fundacionmariasilviaandrade.net\/es\/wp-content\/uploads\/2021\/05\/IMG_0955-1024x683.jpg 1024w, https:\/\/fundacionmariasilviaandrade.net\/es\/wp-content\/uploads\/2021\/05\/IMG_0955-300x200.jpg 300w, https:\/\/fundacionmariasilviaandrade.net\/es\/wp-content\/uploads\/2021\/05\/IMG_0955-768x512.jpg 768w, https:\/\/fundacionmariasilviaandrade.net\/es\/wp-content\/uploads\/2021\/05\/IMG_0955-1536x1024.jpg 1536w, https:\/\/fundacionmariasilviaandrade.net\/es\/wp-content\/uploads\/2021\/05\/IMG_0955-2048x1365.jpg 2048w\" sizes=\"auto, (max-width: 1024px) 100vw, 1024px\" \/><\/figure><\/li><li class=\"blocks-gallery-item\"><figure><img loading=\"lazy\" decoding=\"async\" width=\"1024\" height=\"683\" src=\"https:\/\/fundacionmariasilviaandrade.net\/es\/wp-content\/uploads\/2021\/05\/IMG_0956-1024x683.jpg\" alt=\"\" data-id=\"465\" data-full-url=\"https:\/\/fundacionmariasilviaandrade.net\/es\/wp-content\/uploads\/2021\/05\/IMG_0956-scaled.jpg\" data-link=\"https:\/\/fundacionmariasilviaandrade.net\/es\/jornada-de-sensibilizacion-proyecto-habitantes-de-calle\/img_0956\/#main\" class=\"wp-image-465\" srcset=\"https:\/\/fundacionmariasilviaandrade.net\/es\/wp-content\/uploads\/2021\/05\/IMG_0956-1024x683.jpg 1024w, https:\/\/fundacionmariasilviaandrade.net\/es\/wp-content\/uploads\/2021\/05\/IMG_0956-300x200.jpg 300w, https:\/\/fundacionmariasilviaandrade.net\/es\/wp-content\/uploads\/2021\/05\/IMG_0956-768x512.jpg 768w, https:\/\/fundacionmariasilviaandrade.net\/es\/wp-content\/uploads\/2021\/05\/IMG_0956-1536x1024.jpg 1536w, https:\/\/fundacionmariasilviaandrade.net\/es\/wp-content\/uploads\/2021\/05\/IMG_0956-2048x1365.jpg 2048w\" sizes=\"auto, (max-width: 1024px) 100vw, 1024px\" \/><\/figure><\/li><li class=\"blocks-gallery-item\"><figure><img loading=\"lazy\" decoding=\"async\" width=\"1024\" height=\"683\" src=\"https:\/\/fundacionmariasilviaandrade.net\/es\/wp-content\/uploads\/2021\/05\/IMG_0957-1024x683.jpg\" alt=\"\" data-id=\"466\" data-full-url=\"https:\/\/fundacionmariasilviaandrade.net\/es\/wp-content\/uploads\/2021\/05\/IMG_0957-scaled.jpg\" data-link=\"https:\/\/fundacionmariasilviaandrade.net\/es\/jornada-de-sensibilizacion-proyecto-habitantes-de-calle\/img_0957\/#main\" class=\"wp-image-466\" srcset=\"https:\/\/fundacionmariasilviaandrade.net\/es\/wp-content\/uploads\/2021\/05\/IMG_0957-1024x683.jpg 1024w, https:\/\/fundacionmariasilviaandrade.net\/es\/wp-content\/uploads\/2021\/05\/IMG_0957-300x200.jpg 300w, https:\/\/fundacionmariasilviaandrade.net\/es\/wp-content\/uploads\/2021\/05\/IMG_0957-768x512.jpg 768w, https:\/\/fundacionmariasilviaandrade.net\/es\/wp-content\/uploads\/2021\/05\/IMG_0957-1536x1024.jpg 1536w, https:\/\/fundacionmariasilviaandrade.net\/es\/wp-content\/uploads\/2021\/05\/IMG_0957-2048x1365.jpg 2048w\" sizes=\"auto, (max-width: 1024px) 100vw, 1024px\" \/><\/figure><\/li><li class=\"blocks-gallery-item\"><figure><img loading=\"lazy\" decoding=\"async\" width=\"1024\" height=\"683\" src=\"https:\/\/fundacionmariasilviaandrade.net\/es\/wp-content\/uploads\/2021\/05\/IMG_0958-1024x683.jpg\" alt=\"\" data-id=\"467\" data-full-url=\"https:\/\/fundacionmariasilviaandrade.net\/es\/wp-content\/uploads\/2021\/05\/IMG_0958-scaled.jpg\" data-link=\"https:\/\/fundacionmariasilviaandrade.net\/es\/jornada-de-sensibilizacion-proyecto-habitantes-de-calle\/img_0958\/#main\" class=\"wp-image-467\" srcset=\"https:\/\/fundacionmariasilviaandrade.net\/es\/wp-content\/uploads\/2021\/05\/IMG_0958-1024x683.jpg 1024w, https:\/\/fundacionmariasilviaandrade.net\/es\/wp-content\/uploads\/2021\/05\/IMG_0958-300x200.jpg 300w, https:\/\/fundacionmariasilviaandrade.net\/es\/wp-content\/uploads\/2021\/05\/IMG_0958-768x512.jpg 768w, https:\/\/fundacionmariasilviaandrade.net\/es\/wp-content\/uploads\/2021\/05\/IMG_0958-1536x1024.jpg 1536w, https:\/\/fundacionmariasilviaandrade.net\/es\/wp-content\/uploads\/2021\/05\/IMG_0958-2048x1365.jpg 2048w\" sizes=\"auto, (max-width: 1024px) 100vw, 1024px\" \/><\/figure><\/li><li class=\"blocks-gallery-item\"><figure><img loading=\"lazy\" decoding=\"async\" width=\"1024\" height=\"683\" src=\"https:\/\/fundacionmariasilviaandrade.net\/es\/wp-content\/uploads\/2021\/05\/IMG_0959-1024x683.jpg\" alt=\"\" data-id=\"468\" data-full-url=\"https:\/\/fundacionmariasilviaandrade.net\/es\/wp-content\/uploads\/2021\/05\/IMG_0959-scaled.jpg\" data-link=\"https:\/\/fundacionmariasilviaandrade.net\/es\/jornada-de-sensibilizacion-proyecto-habitantes-de-calle\/img_0959\/#main\" class=\"wp-image-468\" srcset=\"https:\/\/fundacionmariasilviaandrade.net\/es\/wp-content\/uploads\/2021\/05\/IMG_0959-1024x683.jpg 1024w, https:\/\/fundacionmariasilviaandrade.net\/es\/wp-content\/uploads\/2021\/05\/IMG_0959-300x200.jpg 300w, https:\/\/fundacionmariasilviaandrade.net\/es\/wp-content\/uploads\/2021\/05\/IMG_0959-768x512.jpg 768w, https:\/\/fundacionmariasilviaandrade.net\/es\/wp-content\/uploads\/2021\/05\/IMG_0959-1536x1024.jpg 1536w, https:\/\/fundacionmariasilviaandrade.net\/es\/wp-content\/uploads\/2021\/05\/IMG_0959-2048x1365.jpg 2048w\" sizes=\"auto, (max-width: 1024px) 100vw, 1024px\" \/><\/figure><\/li><li class=\"blocks-gallery-item\"><figure><img loading=\"lazy\" decoding=\"async\" width=\"1024\" height=\"683\" src=\"https:\/\/fundacionmariasilviaandrade.net\/es\/wp-content\/uploads\/2021\/05\/IMG_0963-1024x683.jpg\" alt=\"\" data-id=\"469\" data-full-url=\"https:\/\/fundacionmariasilviaandrade.net\/es\/wp-content\/uploads\/2021\/05\/IMG_0963-scaled.jpg\" data-link=\"https:\/\/fundacionmariasilviaandrade.net\/es\/jornada-de-sensibilizacion-proyecto-habitantes-de-calle\/img_0963\/#main\" class=\"wp-image-469\" srcset=\"https:\/\/fundacionmariasilviaandrade.net\/es\/wp-content\/uploads\/2021\/05\/IMG_0963-1024x683.jpg 1024w, https:\/\/fundacionmariasilviaandrade.net\/es\/wp-content\/uploads\/2021\/05\/IMG_0963-300x200.jpg 300w, https:\/\/fundacionmariasilviaandrade.net\/es\/wp-content\/uploads\/2021\/05\/IMG_0963-768x512.jpg 768w, https:\/\/fundacionmariasilviaandrade.net\/es\/wp-content\/uploads\/2021\/05\/IMG_0963-1536x1024.jpg 1536w, https:\/\/fundacionmariasilviaandrade.net\/es\/wp-content\/uploads\/2021\/05\/IMG_0963-2048x1365.jpg 2048w\" sizes=\"auto, (max-width: 1024px) 100vw, 1024px\" \/><\/figure><\/li><li class=\"blocks-gallery-item\"><figure><img loading=\"lazy\" decoding=\"async\" width=\"1024\" height=\"683\" src=\"https:\/\/fundacionmariasilviaandrade.net\/es\/wp-content\/uploads\/2021\/05\/IMG_0964-1024x683.jpg\" alt=\"\" data-id=\"470\" data-full-url=\"https:\/\/fundacionmariasilviaandrade.net\/es\/wp-content\/uploads\/2021\/05\/IMG_0964-scaled.jpg\" data-link=\"https:\/\/fundacionmariasilviaandrade.net\/es\/jornada-de-sensibilizacion-proyecto-habitantes-de-calle\/img_0964\/#main\" class=\"wp-image-470\" srcset=\"https:\/\/fundacionmariasilviaandrade.net\/es\/wp-content\/uploads\/2021\/05\/IMG_0964-1024x683.jpg 1024w, https:\/\/fundacionmariasilviaandrade.net\/es\/wp-content\/uploads\/2021\/05\/IMG_0964-300x200.jpg 300w, https:\/\/fundacionmariasilviaandrade.net\/es\/wp-content\/uploads\/2021\/05\/IMG_0964-768x512.jpg 768w, https:\/\/fundacionmariasilviaandrade.net\/es\/wp-content\/uploads\/2021\/05\/IMG_0964-1536x1024.jpg 1536w, https:\/\/fundacionmariasilviaandrade.net\/es\/wp-content\/uploads\/2021\/05\/IMG_0964-2048x1365.jpg 2048w\" sizes=\"auto, (max-width: 1024px) 100vw, 1024px\" \/><\/figure><\/li><li class=\"blocks-gallery-item\"><figure><img loading=\"lazy\" decoding=\"async\" width=\"1024\" height=\"683\" src=\"https:\/\/fundacionmariasilviaandrade.net\/es\/wp-content\/uploads\/2021\/05\/IMG_0966-1024x683.jpg\" alt=\"\" data-id=\"471\" data-full-url=\"https:\/\/fundacionmariasilviaandrade.net\/es\/wp-content\/uploads\/2021\/05\/IMG_0966-scaled.jpg\" data-link=\"https:\/\/fundacionmariasilviaandrade.net\/es\/jornada-de-sensibilizacion-proyecto-habitantes-de-calle\/img_0966\/#main\" class=\"wp-image-471\" srcset=\"https:\/\/fundacionmariasilviaandrade.net\/es\/wp-content\/uploads\/2021\/05\/IMG_0966-1024x683.jpg 1024w, https:\/\/fundacionmariasilviaandrade.net\/es\/wp-content\/uploads\/2021\/05\/IMG_0966-300x200.jpg 300w, https:\/\/fundacionmariasilviaandrade.net\/es\/wp-content\/uploads\/2021\/05\/IMG_0966-768x512.jpg 768w, https:\/\/fundacionmariasilviaandrade.net\/es\/wp-content\/uploads\/2021\/05\/IMG_0966-1536x1024.jpg 1536w, https:\/\/fundacionmariasilviaandrade.net\/es\/wp-content\/uploads\/2021\/05\/IMG_0966-2048x1365.jpg 2048w\" sizes=\"auto, (max-width: 1024px) 100vw, 1024px\" \/><\/figure><\/li><li class=\"blocks-gallery-item\"><figure><img loading=\"lazy\" decoding=\"async\" width=\"1024\" height=\"683\" src=\"https:\/\/fundacionmariasilviaandrade.net\/es\/wp-content\/uploads\/2021\/05\/IMG_0967-1024x683.jpg\" alt=\"\" data-id=\"472\" data-full-url=\"https:\/\/fundacionmariasilviaandrade.net\/es\/wp-content\/uploads\/2021\/05\/IMG_0967-scaled.jpg\" data-link=\"https:\/\/fundacionmariasilviaandrade.net\/es\/jornada-de-sensibilizacion-proyecto-habitantes-de-calle\/img_0967\/#main\" class=\"wp-image-472\" srcset=\"https:\/\/fundacionmariasilviaandrade.net\/es\/wp-content\/uploads\/2021\/05\/IMG_0967-1024x683.jpg 1024w, https:\/\/fundacionmariasilviaandrade.net\/es\/wp-content\/uploads\/2021\/05\/IMG_0967-300x200.jpg 300w, https:\/\/fundacionmariasilviaandrade.net\/es\/wp-content\/uploads\/2021\/05\/IMG_0967-768x512.jpg 768w, https:\/\/fundacionmariasilviaandrade.net\/es\/wp-content\/uploads\/2021\/05\/IMG_0967-1536x1024.jpg 1536w, https:\/\/fundacionmariasilviaandrade.net\/es\/wp-content\/uploads\/2021\/05\/IMG_0967-2048x1365.jpg 2048w\" sizes=\"auto, (max-width: 1024px) 100vw, 1024px\" \/><\/figure><\/li><li class=\"blocks-gallery-item\"><figure><img loading=\"lazy\" decoding=\"async\" width=\"1024\" height=\"683\" src=\"https:\/\/fundacionmariasilviaandrade.net\/es\/wp-content\/uploads\/2021\/05\/IMG_0968-1024x683.jpg\" alt=\"\" data-id=\"473\" data-full-url=\"https:\/\/fundacionmariasilviaandrade.net\/es\/wp-content\/uploads\/2021\/05\/IMG_0968-scaled.jpg\" data-link=\"https:\/\/fundacionmariasilviaandrade.net\/es\/jornada-de-sensibilizacion-proyecto-habitantes-de-calle\/img_0968\/#main\" class=\"wp-image-473\" srcset=\"https:\/\/fundacionmariasilviaandrade.net\/es\/wp-content\/uploads\/2021\/05\/IMG_0968-1024x683.jpg 1024w, https:\/\/fundacionmariasilviaandrade.net\/es\/wp-content\/uploads\/2021\/05\/IMG_0968-300x200.jpg 300w, https:\/\/fundacionmariasilviaandrade.net\/es\/wp-content\/uploads\/2021\/05\/IMG_0968-768x512.jpg 768w, https:\/\/fundacionmariasilviaandrade.net\/es\/wp-content\/uploads\/2021\/05\/IMG_0968-1536x1024.jpg 1536w, https:\/\/fundacionmariasilviaandrade.net\/es\/wp-content\/uploads\/2021\/05\/IMG_0968-2048x1365.jpg 2048w\" sizes=\"auto, (max-width: 1024px) 100vw, 1024px\" \/><\/figure><\/li><li class=\"blocks-gallery-item\"><figure><img loading=\"lazy\" decoding=\"async\" width=\"1024\" height=\"683\" src=\"https:\/\/fundacionmariasilviaandrade.net\/es\/wp-content\/uploads\/2021\/05\/IMG_0969-1024x683.jpg\" alt=\"\" data-id=\"474\" data-full-url=\"https:\/\/fundacionmariasilviaandrade.net\/es\/wp-content\/uploads\/2021\/05\/IMG_0969-scaled.jpg\" data-link=\"https:\/\/fundacionmariasilviaandrade.net\/es\/jornada-de-sensibilizacion-proyecto-habitantes-de-calle\/img_0969\/#main\" class=\"wp-image-474\" srcset=\"https:\/\/fundacionmariasilviaandrade.net\/es\/wp-content\/uploads\/2021\/05\/IMG_0969-1024x683.jpg 1024w, https:\/\/fundacionmariasilviaandrade.net\/es\/wp-content\/uploads\/2021\/05\/IMG_0969-300x200.jpg 300w, https:\/\/fundacionmariasilviaandrade.net\/es\/wp-content\/uploads\/2021\/05\/IMG_0969-768x512.jpg 768w, https:\/\/fundacionmariasilviaandrade.net\/es\/wp-content\/uploads\/2021\/05\/IMG_0969-1536x1024.jpg 1536w, https:\/\/fundacionmariasilviaandrade.net\/es\/wp-content\/uploads\/2021\/05\/IMG_0969-2048x1365.jpg 2048w\" sizes=\"auto, (max-width: 1024px) 100vw, 1024px\" \/><\/figure><\/li><li class=\"blocks-gallery-item\"><figure><img loading=\"lazy\" decoding=\"async\" width=\"1024\" height=\"683\" src=\"https:\/\/fundacionmariasilviaandrade.net\/es\/wp-content\/uploads\/2021\/05\/IMG_0970-1024x683.jpg\" alt=\"\" data-id=\"475\" data-full-url=\"https:\/\/fundacionmariasilviaandrade.net\/es\/wp-content\/uploads\/2021\/05\/IMG_0970-scaled.jpg\" data-link=\"https:\/\/fundacionmariasilviaandrade.net\/es\/jornada-de-sensibilizacion-proyecto-habitantes-de-calle\/img_0970\/#main\" class=\"wp-image-475\" srcset=\"https:\/\/fundacionmariasilviaandrade.net\/es\/wp-content\/uploads\/2021\/05\/IMG_0970-1024x683.jpg 1024w, https:\/\/fundacionmariasilviaandrade.net\/es\/wp-content\/uploads\/2021\/05\/IMG_0970-300x200.jpg 300w, https:\/\/fundacionmariasilviaandrade.net\/es\/wp-content\/uploads\/2021\/05\/IMG_0970-768x512.jpg 768w, https:\/\/fundacionmariasilviaandrade.net\/es\/wp-content\/uploads\/2021\/05\/IMG_0970-1536x1024.jpg 1536w, https:\/\/fundacionmariasilviaandrade.net\/es\/wp-content\/uploads\/2021\/05\/IMG_0970-2048x1365.jpg 2048w\" sizes=\"auto, (max-width: 1024px) 100vw, 1024px\" \/><\/figure><\/li><li class=\"blocks-gallery-item\"><figure><img loading=\"lazy\" decoding=\"async\" width=\"1024\" height=\"683\" src=\"https:\/\/fundacionmariasilviaandrade.net\/es\/wp-content\/uploads\/2021\/05\/IMG_0971-1024x683.jpg\" alt=\"\" data-id=\"476\" data-full-url=\"https:\/\/fundacionmariasilviaandrade.net\/es\/wp-content\/uploads\/2021\/05\/IMG_0971-scaled.jpg\" data-link=\"https:\/\/fundacionmariasilviaandrade.net\/es\/jornada-de-sensibilizacion-proyecto-habitantes-de-calle\/img_0971\/#main\" class=\"wp-image-476\" srcset=\"https:\/\/fundacionmariasilviaandrade.net\/es\/wp-content\/uploads\/2021\/05\/IMG_0971-1024x683.jpg 1024w, https:\/\/fundacionmariasilviaandrade.net\/es\/wp-content\/uploads\/2021\/05\/IMG_0971-300x200.jpg 300w, https:\/\/fundacionmariasilviaandrade.net\/es\/wp-content\/uploads\/2021\/05\/IMG_0971-768x512.jpg 768w, https:\/\/fundacionmariasilviaandrade.net\/es\/wp-content\/uploads\/2021\/05\/IMG_0971-1536x1024.jpg 1536w, https:\/\/fundacionmariasilviaandrade.net\/es\/wp-content\/uploads\/2021\/05\/IMG_0971-2048x1365.jpg 2048w\" sizes=\"auto, (max-width: 1024px) 100vw, 1024px\" \/><\/figure><\/li><li class=\"blocks-gallery-item\"><figure><img loading=\"lazy\" decoding=\"async\" width=\"1024\" height=\"683\" src=\"https:\/\/fundacionmariasilviaandrade.net\/es\/wp-content\/uploads\/2021\/05\/IMG_0972-1024x683.jpg\" alt=\"\" data-id=\"477\" data-full-url=\"https:\/\/fundacionmariasilviaandrade.net\/es\/wp-content\/uploads\/2021\/05\/IMG_0972-scaled.jpg\" data-link=\"https:\/\/fundacionmariasilviaandrade.net\/es\/jornada-de-sensibilizacion-proyecto-habitantes-de-calle\/img_0972\/#main\" class=\"wp-image-477\" srcset=\"https:\/\/fundacionmariasilviaandrade.net\/es\/wp-content\/uploads\/2021\/05\/IMG_0972-1024x683.jpg 1024w, https:\/\/fundacionmariasilviaandrade.net\/es\/wp-content\/uploads\/2021\/05\/IMG_0972-300x200.jpg 300w, https:\/\/fundacionmariasilviaandrade.net\/es\/wp-content\/uploads\/2021\/05\/IMG_0972-768x512.jpg 768w, https:\/\/fundacionmariasilviaandrade.net\/es\/wp-content\/uploads\/2021\/05\/IMG_0972-1536x1024.jpg 1536w, https:\/\/fundacionmariasilviaandrade.net\/es\/wp-content\/uploads\/2021\/05\/IMG_0972-2048x1365.jpg 2048w\" sizes=\"auto, (max-width: 1024px) 100vw, 1024px\" \/><\/figure><\/li><li class=\"blocks-gallery-item\"><figure><img loading=\"lazy\" decoding=\"async\" width=\"1024\" height=\"683\" src=\"https:\/\/fundacionmariasilviaandrade.net\/es\/wp-content\/uploads\/2021\/05\/IMG_0973-1024x683.jpg\" alt=\"\" data-id=\"478\" data-full-url=\"https:\/\/fundacionmariasilviaandrade.net\/es\/wp-content\/uploads\/2021\/05\/IMG_0973-scaled.jpg\" data-link=\"https:\/\/fundacionmariasilviaandrade.net\/es\/jornada-de-sensibilizacion-proyecto-habitantes-de-calle\/img_0973\/#main\" class=\"wp-image-478\" srcset=\"https:\/\/fundacionmariasilviaandrade.net\/es\/wp-content\/uploads\/2021\/05\/IMG_0973-1024x683.jpg 1024w, https:\/\/fundacionmariasilviaandrade.net\/es\/wp-content\/uploads\/2021\/05\/IMG_0973-300x200.jpg 300w, https:\/\/fundacionmariasilviaandrade.net\/es\/wp-content\/uploads\/2021\/05\/IMG_0973-768x512.jpg 768w, https:\/\/fundacionmariasilviaandrade.net\/es\/wp-content\/uploads\/2021\/05\/IMG_0973-1536x1024.jpg 1536w, https:\/\/fundacionmariasilviaandrade.net\/es\/wp-content\/uploads\/2021\/05\/IMG_0973-2048x1365.jpg 2048w\" sizes=\"auto, (max-width: 1024px) 100vw, 1024px\" \/><\/figure><\/li><li class=\"blocks-gallery-item\"><figure><img loading=\"lazy\" decoding=\"async\" width=\"1024\" height=\"683\" src=\"https:\/\/fundacionmariasilviaandrade.net\/es\/wp-content\/uploads\/2021\/05\/IMG_0974-1024x683.jpg\" alt=\"\" data-id=\"479\" data-full-url=\"https:\/\/fundacionmariasilviaandrade.net\/es\/wp-content\/uploads\/2021\/05\/IMG_0974-scaled.jpg\" data-link=\"https:\/\/fundacionmariasilviaandrade.net\/es\/jornada-de-sensibilizacion-proyecto-habitantes-de-calle\/img_0974\/#main\" class=\"wp-image-479\" srcset=\"https:\/\/fundacionmariasilviaandrade.net\/es\/wp-content\/uploads\/2021\/05\/IMG_0974-1024x683.jpg 1024w, https:\/\/fundacionmariasilviaandrade.net\/es\/wp-content\/uploads\/2021\/05\/IMG_0974-300x200.jpg 300w, https:\/\/fundacionmariasilviaandrade.net\/es\/wp-content\/uploads\/2021\/05\/IMG_0974-768x512.jpg 768w, https:\/\/fundacionmariasilviaandrade.net\/es\/wp-content\/uploads\/2021\/05\/IMG_0974-1536x1024.jpg 1536w, https:\/\/fundacionmariasilviaandrade.net\/es\/wp-content\/uploads\/2021\/05\/IMG_0974-2048x1365.jpg 2048w\" sizes=\"auto, (max-width: 1024px) 100vw, 1024px\" \/><\/figure><\/li><li class=\"blocks-gallery-item\"><figure><img loading=\"lazy\" decoding=\"async\" width=\"1024\" height=\"683\" src=\"https:\/\/fundacionmariasilviaandrade.net\/es\/wp-content\/uploads\/2021\/05\/IMG_0975-1024x683.jpg\" alt=\"\" data-id=\"480\" data-full-url=\"https:\/\/fundacionmariasilviaandrade.net\/es\/wp-content\/uploads\/2021\/05\/IMG_0975-scaled.jpg\" data-link=\"https:\/\/fundacionmariasilviaandrade.net\/es\/jornada-de-sensibilizacion-proyecto-habitantes-de-calle\/img_0975\/#main\" class=\"wp-image-480\" srcset=\"https:\/\/fundacionmariasilviaandrade.net\/es\/wp-content\/uploads\/2021\/05\/IMG_0975-1024x683.jpg 1024w, https:\/\/fundacionmariasilviaandrade.net\/es\/wp-content\/uploads\/2021\/05\/IMG_0975-300x200.jpg 300w, https:\/\/fundacionmariasilviaandrade.net\/es\/wp-content\/uploads\/2021\/05\/IMG_0975-768x512.jpg 768w, https:\/\/fundacionmariasilviaandrade.net\/es\/wp-content\/uploads\/2021\/05\/IMG_0975-1536x1024.jpg 1536w, https:\/\/fundacionmariasilviaandrade.net\/es\/wp-content\/uploads\/2021\/05\/IMG_0975-2048x1365.jpg 2048w\" sizes=\"auto, (max-width: 1024px) 100vw, 1024px\" \/><\/figure><\/li><\/ul><\/figure>\n","protected":false},"excerpt":{"rendered":"<p>La Fundaci\u00f3n Mar\u00eda Silvia Andrade, realiza jornada de sensibilizaci\u00f3n y generando conciencia, con los familiares de los habitantes de calle. Revisa nuestra galer\u00eda de im\u00e1genes.<\/p>\n","protected":false},"author":1,"featured_media":484,"comment_status":"open","ping_status":"open","sticky":false,"template":"","format":"standard","meta":{"footnotes":""},"categories":[4],"tags":[],"class_list":["post-360","post","type-post","status-publish","format-standard","has-post-thumbnail","hentry","category-fundacion-maria-silvia-andrade"],"_links":{"self":[{"href":"https:\/\/fundacionmariasilviaandrade.net\/es\/wp-json\/wp\/v2\/posts\/360","targetHints":{"allow":["GET"]}}],"collection":[{"href":"https:\/\/fundacionmariasilviaandrade.net\/es\/wp-json\/wp\/v2\/posts"}],"about":[{"href":"https:\/\/fundacionmariasilviaandrade.net\/es\/wp-json\/wp\/v2\/types\/post"}],"author":[{"embeddable":true,"href":"https:\/\/fundacionmariasilviaandrade.net\/es\/wp-json\/wp\/v2\/users\/1"}],"replies":[{"embeddable":true,"href":"https:\/\/fundacionmariasilviaandrade.net\/es\/wp-json\/wp\/v2\/comments?post=360"}],"version-history":[{"count":3,"href":"https:\/\/fundacionmariasilviaandrade.net\/es\/wp-json\/wp\/v2\/posts\/360\/revisions"}],"predecessor-version":[{"id":489,"href":"https:\/\/fundacionmariasilviaandrade.net\/es\/wp-json\/wp\/v2\/posts\/360\/revisions\/489"}],"wp:featuredmedia":[{"embeddable":true,"href":"https:\/\/fundacionmariasilviaandrade.net\/es\/wp-json\/wp\/v2\/media\/484"}],"wp:attachment":[{"href":"https:\/\/fundacionmariasilviaandrade.net\/es\/wp-json\/wp\/v2\/media?parent=360"}],"wp:term":[{"taxonomy":"category","embeddable":true,"href":"https:\/\/fundacionmariasilviaandrade.net\/es\/wp-json\/wp\/v2\/categories?post=360"},{"taxonomy":"post_tag","embeddable":true,"href":"https:\/\/fundacionmariasilviaandrade.net\/es\/wp-json\/wp\/v2\/tags?post=360"}],"curies":[{"name":"wp","href":"https:\/\/api.w.org\/{rel}","templated":true}]}}